{"id":5068,"date":"2018-07-06T07:38:52","date_gmt":"2018-07-06T05:38:52","guid":{"rendered":"https:\/\/centers.ulbsibiu.ro\/ccsprise\/lact\/?p=5068"},"modified":"2018-07-06T07:38:52","modified_gmt":"2018-07-06T05:38:52","slug":"publika-md-proiectul-de-lege-referitor-la-inmatricularea-masinilor-din-regiunea-transnistreana-aprobat-de-guvern","status":"publish","type":"post","link":"https:\/\/centers.ulbsibiu.ro\/ccsprise\/lact\/publika-md-proiectul-de-lege-referitor-la-inmatricularea-masinilor-din-regiunea-transnistreana-aprobat-de-guvern\/","title":{"rendered":"Publika.md &#8211; Proiectul de lege referitor la \u00eenmatricularea ma\u0219inilor din regiunea transnistrean\u0103, aprobat de Guvern"},"content":{"rendered":"<p>La \u015fedin\u0163a Executivului de miercuri a fost aprobat<strong> proiectul legii cu privire la \u00eenmatricularea unor mijloace de transport<\/strong>, prevederile c\u0103ruia vin s\u0103 reglementeze mecanismul de \u00eenregistrare a unor categorii de autovehicule din raioanele de est ale \u021b\u0103rii \u0219i s\u0103 creeze cadrul normativ de referin\u021b\u0103 \u00een vederea realiz\u0103rii Deciziei protocolare <strong>\u201dCu privire la participarea \u00een traficul rutier interna\u021bional a autovehiculelor din regiunea transnistrean\u0103 care nu desf\u0103\u0219oar\u0103 activit\u0103\u021bi comerciale\u201d,<\/strong> semnat\u0103 pe 24 aprilie 2018 la nivelul reprezentan\u021bilor politici \u00een procesul de negocieri pentru reglementarea transnistrean\u0103.<\/p>\n<p>Obiect al prezentului proiect sunt autoturismele \u0219i remorcile ata\u0219ate la acestea, motocicletele, mopedele \u0219i bicicletele cu motor auxiliar, aflate \u00een proprietatea persoanelor fizice cu domiciliu permanent \u00een unit\u0103\u021bile administrativ-teritoriale din st\u00e2nga Nistrului \u0219i din municipiul Bender \u0219i a unor categorii de persoane juridice \u00eenregistrate la autorit\u0103\u021bile competente ale Republicii Moldova.<\/p>\n<p>Procesul de \u00eenmatriculare a acestor mijloace de transport se va efectua de c\u0103tre reprezentan\u021bii\u00a0Agen\u021biei Servicii Publice,\u00a0\u00een puncte specializate, amplasate \u00een ora\u0219ele R\u00e2bni\u0163a \u0219i Tiraspol,\u00a0\u00een baza documentelor confirmative ce atest\u0103 domiciliul persoanei \u0219i dreptul de proprietate, \u00eenso\u021bite de o declara\u021bie scris\u0103 pe propria r\u0103spundere a solicitantului cu privire la veridicitatea informa\u021biilor furnizate.<\/p>\n<p><strong>Autovehiculele men\u021bionate vor ob\u021bine pl\u0103cu\u021be \u0219i certificate de \u00eenmatriculare de model neutru, f\u0103r\u0103 achitarea drepturilor de import \u0219i a pl\u0103\u021bilor obligatorii stabilite conform Legii Fondului de sus\u021binere a popula\u021biei, cu prezentarea obligatorie a actelor vamale.<\/strong><\/p>\n<p>Dotarea cu pl\u0103cu\u021be neutre se va asigura pentru a permite participarea \u00een traficul rutier interna\u021bional a categoriilor de autovehicule men\u021bionate supra, iar pentru a evita situa\u021biile de abuz \u0219i de eschivare de\u00a0la plata drepturilor de import aferente mijloacelor de transport introduse \u00een Republica Moldova, proiectul de lege prevede interzicerea circula\u021biei pe drumurile na\u021bionale a mijloacelor de transport \u00eenregistrate \u00een baza legii respective \u0219i care sunt conduse de c\u0103tre persoane care au domiciliu \u00eentr-o alt\u0103 localitate dec\u00e2t \u00een unit\u0103\u021bile administrativ-teritoriale din st\u00e2nga Nistrului \u0219i municipiul Bender.<\/p>\n<p>Reamintim c\u0103 \u00een corespundere cu prevederile pct.17 din Decizia protocolar\u0103 din 24 aprilie 2018, mecanismul de \u00eenmatriculare nominalizat urmeaz\u0103 a fi pus \u00een aplicare \u00eencep\u00e2nd cu data de 01 septembrie 2018, iar prin intermediul acestuia autorit\u0103\u021bile Republicii Moldova vor solu\u021biona \u00eentr-o modalitate viabil\u0103 problema autovehiculelor din regiunea transnistrean\u0103 ce se deplaseaz\u0103 peste hotarele \u021b\u0103rii, cu racordarea treptat\u0103 a acestora la exigen\u021bele na\u021bionale \u0219i interna\u021bionale \u00een domeniul de referin\u021b\u0103.<\/p>\n<p>Cite\u0219te mai mult: <a href=\"https:\/\/www.publika.md\/proiectul-de-lege-referitor-la-inmatricularea-masinilor-din-regiunea-transnistreana-aprobat-de-guvern-ce-prevede-documentul_3011777.html#ixzz5KRxzb1Fg\">https:\/\/www.publika.md\/proiectul-de-lege-referitor-la-inmatricularea-masinilor-din-regiunea-transnistreana-aprobat-de-guvern-ce-prevede-documentul_3011777.html#ixzz5KRxzb1Fg<\/a><\/p>\n","protected":false},"excerpt":{"rendered":"<p>La \u015fedin\u0163a Executivului de miercuri a fost aprobat proiectul legii cu privire la \u00eenmatricularea unor mijloace de transport, prevederile c\u0103ruia vin s\u0103 reglementeze mecanismul de \u00eenregistrare a unor categorii de autovehicule din raioanele de est ale \u021b\u0103rii \u0219i s\u0103 creeze cadrul normativ de referin\u021b\u0103 \u00een vederea realiz\u0103rii Deciziei protocolare \u201dCu privire la participarea \u00een traficul&#8230;<\/p>\n","protected":false},"author":2,"featured_media":0,"comment_status":"closed","ping_status":"open","sticky":false,"template":"","format":"standard","meta":[],"categories":[1],"tags":[],"_links":{"self":[{"href":"https:\/\/centers.ulbsibiu.ro\/ccsprise\/lact\/wp-json\/wp\/v2\/posts\/5068"}],"collection":[{"href":"https:\/\/centers.ulbsibiu.ro\/ccsprise\/lact\/wp-json\/wp\/v2\/posts"}],"about":[{"href":"https:\/\/centers.ulbsibiu.ro\/ccsprise\/lact\/wp-json\/wp\/v2\/types\/post"}],"author":[{"embeddable":true,"href":"https:\/\/centers.ulbsibiu.ro\/ccsprise\/lact\/wp-json\/wp\/v2\/users\/2"}],"replies":[{"embeddable":true,"href":"https:\/\/centers.ulbsibiu.ro\/ccsprise\/lact\/wp-json\/wp\/v2\/comments?post=5068"}],"version-history":[{"count":1,"href":"https:\/\/centers.ulbsibiu.ro\/ccsprise\/lact\/wp-json\/wp\/v2\/posts\/5068\/revisions"}],"predecessor-version":[{"id":5069,"href":"https:\/\/centers.ulbsibiu.ro\/ccsprise\/lact\/wp-json\/wp\/v2\/posts\/5068\/revisions\/5069"}],"wp:attachment":[{"href":"https:\/\/centers.ulbsibiu.ro\/ccsprise\/lact\/wp-json\/wp\/v2\/media?parent=5068"}],"wp:term":[{"taxonomy":"category","embeddable":true,"href":"https:\/\/centers.ulbsibiu.ro\/ccsprise\/lact\/wp-json\/wp\/v2\/categories?post=5068"},{"taxonomy":"post_tag","embeddable":true,"href":"https:\/\/centers.ulbsibiu.ro\/ccsprise\/lact\/wp-json\/wp\/v2\/tags?post=5068"}],"curies":[{"name":"wp","href":"https:\/\/api.w.org\/{rel}","templated":true}]}}