{"id":5066,"date":"2018-07-04T18:53:53","date_gmt":"2018-07-04T16:53:53","guid":{"rendered":"https:\/\/centers.ulbsibiu.ro\/ccsprise\/lact\/?p=5066"},"modified":"2018-07-04T18:53:53","modified_gmt":"2018-07-04T16:53:53","slug":"gov-md-viceprim-ministrul-cristina-lesnic-a-vizitat-astazi-podul-dintre-localitatile-gura-bacului-bacioc","status":"publish","type":"post","link":"https:\/\/centers.ulbsibiu.ro\/ccsprise\/lact\/gov-md-viceprim-ministrul-cristina-lesnic-a-vizitat-astazi-podul-dintre-localitatile-gura-bacului-bacioc\/","title":{"rendered":"Gov.md &#8211; Viceprim-ministrul Cristina Lesnic a vizitat ast\u0103zi podul dintre localit\u0103\u021bile Gura B\u00e2cului &#8211; B\u00e2cioc"},"content":{"rendered":"<p>Viceprim-ministrul Cristina Lesnic, \u00eempreun\u0103\u00a0cu conduc\u0103torul delega\u021biei Republicii Moldova \u00een Comisia Unificat\u0103 de Control, generalul Ion Solonenco, au vizitat ast\u0103zi podul dintre localit\u0103\u021bile Gura B\u00e2cului &#8211; B\u00e2cioc.<\/p>\n<p>Aceast\u0103 vizit\u0103 este legat\u0103 de elaborarea studiului de fezabilitate \u0219i organizarea lucr\u0103rilor de repara\u021bie\/modernizare a infrastructurii podului dintre localit\u0103\u021bile Gura B\u00e2cului \u0219i B\u00e2cioc, efectuarea c\u0103rora va fi posibil\u0103 cu asisten\u021ba Uniunii Europene, \u00een corespundere cu Decizia protocolar\u0103 \u201cPrivind deschiderea podului de peste r\u00e2ul Nistru din preajma localit\u0103\u021bilor Gura B\u00e2cului \u0219i B\u00e2cioc\u201d din 03 noiembrie 2017 \u0219i Protocolul \u0219edin\u021bei oficiale a \u201eConferin\u021bei permanente pe probleme politice \u00een procesul de reglementare transnistrean\u0103\u201d, care a avut loc la Roma, Italia, \u00een perioada 29 &#8211; 30 mai 2018.<\/p>\n<p>\u00cen acest scop, este desemnat un expert din partea UE, care, \u00een comun cu responsabilii din cadrul Ministerului Economiei \u0219i Infrastructurii, urmeaz\u0103 s\u0103 se implice \u00een procesul de evaluare tehnic\u0103 a capacit\u0103\u021bilor podului \u0219i de stabilire a interven\u021biilor ce se impun a fi efectuate, \u0219i care vor finaliza studiul p\u00een\u0103 la finele lunii iulie curent.<\/p>\n<p>\u00cen contextul vizitei Viceprim-ministrul a f\u0103cut cuno\u0219tin\u021b\u0103 cu activitatea posturilor de pacificare de pe podul propriu-zis \u0219i cu situa\u021bia \u00een care militarii \u00ee\u0219i \u00eendeplinesc misiunea\u00a0<em>pacificatoare<\/em><em>.<\/em><\/p>\n<p>Totodat\u0103, Cristina Lesnic a vizitat compania de infanterie independent\u0103 a For\u0163elor de Men\u0163inere a P\u0103cii a Republicii Moldova, dislocat\u0103 \u00een preajma satului Varni\u021ba, raionul Anenii Noi.<\/p>\n<p>Reamintim c\u0103, podul peste r\u00e2ul Nistru, ce leag\u0103 localit\u0103\u021bile Gura B\u00e2cului \u015fi B\u00e2cioc, a fost deschis \u00een data de 18 noiembrie 2017.<\/p>\n<p>Sursa:\u00a0<a href=\"https:\/\/gov.md\/ro\/content\/viceprim-ministrul-cristina-lesnic-vizitat-astazi-podul-dintre-localitatile-gura-bacului\">https:\/\/gov.md\/<\/a><\/p>\n","protected":false},"excerpt":{"rendered":"<p>Viceprim-ministrul Cristina Lesnic, \u00eempreun\u0103\u00a0cu conduc\u0103torul delega\u021biei Republicii Moldova \u00een Comisia Unificat\u0103 de Control, generalul Ion Solonenco, au vizitat ast\u0103zi podul dintre localit\u0103\u021bile Gura B\u00e2cului &#8211; B\u00e2cioc. Aceast\u0103 vizit\u0103 este legat\u0103 de elaborarea studiului de fezabilitate \u0219i organizarea lucr\u0103rilor de repara\u021bie\/modernizare a infrastructurii podului dintre localit\u0103\u021bile Gura B\u00e2cului \u0219i B\u00e2cioc, efectuarea c\u0103rora va fi posibil\u0103 cu&#8230;<\/p>\n","protected":false},"author":2,"featured_media":0,"comment_status":"closed","ping_status":"open","sticky":false,"template":"","format":"standard","meta":[],"categories":[1],"tags":[],"_links":{"self":[{"href":"https:\/\/centers.ulbsibiu.ro\/ccsprise\/lact\/wp-json\/wp\/v2\/posts\/5066"}],"collection":[{"href":"https:\/\/centers.ulbsibiu.ro\/ccsprise\/lact\/wp-json\/wp\/v2\/posts"}],"about":[{"href":"https:\/\/centers.ulbsibiu.ro\/ccsprise\/lact\/wp-json\/wp\/v2\/types\/post"}],"author":[{"embeddable":true,"href":"https:\/\/centers.ulbsibiu.ro\/ccsprise\/lact\/wp-json\/wp\/v2\/users\/2"}],"replies":[{"embeddable":true,"href":"https:\/\/centers.ulbsibiu.ro\/ccsprise\/lact\/wp-json\/wp\/v2\/comments?post=5066"}],"version-history":[{"count":1,"href":"https:\/\/centers.ulbsibiu.ro\/ccsprise\/lact\/wp-json\/wp\/v2\/posts\/5066\/revisions"}],"predecessor-version":[{"id":5067,"href":"https:\/\/centers.ulbsibiu.ro\/ccsprise\/lact\/wp-json\/wp\/v2\/posts\/5066\/revisions\/5067"}],"wp:attachment":[{"href":"https:\/\/centers.ulbsibiu.ro\/ccsprise\/lact\/wp-json\/wp\/v2\/media?parent=5066"}],"wp:term":[{"taxonomy":"category","embeddable":true,"href":"https:\/\/centers.ulbsibiu.ro\/ccsprise\/lact\/wp-json\/wp\/v2\/categories?post=5066"},{"taxonomy":"post_tag","embeddable":true,"href":"https:\/\/centers.ulbsibiu.ro\/ccsprise\/lact\/wp-json\/wp\/v2\/tags?post=5066"}],"curies":[{"name":"wp","href":"https:\/\/api.w.org\/{rel}","templated":true}]}}