{"id":5064,"date":"2018-07-04T18:51:07","date_gmt":"2018-07-04T16:51:07","guid":{"rendered":"https:\/\/centers.ulbsibiu.ro\/ccsprise\/lact\/?p=5064"},"modified":"2018-07-04T18:51:07","modified_gmt":"2018-07-04T16:51:07","slug":"infotag-md-presedintele-igor-dodon-considera-ca-pentru-solutionarea-problemei-transnistrene-este-nevoie-de-un-consens-in-conducerea-moldovei","status":"publish","type":"post","link":"https:\/\/centers.ulbsibiu.ro\/ccsprise\/lact\/infotag-md-presedintele-igor-dodon-considera-ca-pentru-solutionarea-problemei-transnistrene-este-nevoie-de-un-consens-in-conducerea-moldovei\/","title":{"rendered":"Infotag.md &#8211; PRE\u015eEDINTELE IGOR DODON CONSIDER\u0102 C\u0102 PENTRU SOLU\u021aIONAREA PROBLEMEI TRANSNISTRENE ESTE NEVOIE DE UN CONSENS \u00ceN CONDUCEREA MOLDOVEI"},"content":{"rendered":"<p>Pre\u0219edintele Igor Dodon a declarat c\u0103 pentru solu\u021bionarea problemei transnistrene trebuie g\u0103sit un consens \u00een conducerea Moldovei. Potrivit agen\u021biei INFOTAG, despre aceasta el a declarat mar\u0163i seara, \u00een cadrul unei conferin\u021be de pres\u0103 la care a f\u0103cut bilan\u0163ul activit\u0103\u0163ii sale \u00een decurs de un an \u015fi jum\u0103tate \u00een func\u0163ia de Pre\u015fedinte.<\/p>\n<p>\u201eVreau s\u0103 fie clar. Noi cu Parlamentul \u0219i Guvernul avem dezacorduri principiale \u00een majoritatea chestiunilor. \u00cens\u0103 \u00een problema reglement\u0103rii transnistrene nu avem disensiuni. Exist\u0103 o opinie comun\u0103 c\u0103 problema trebuie rezolvat\u0103\u201d, a spus Dodon.<\/p>\n<p>El a amintit c\u0103 la \u00eenceputul lui 2017 a fost creat\u0103 o platform\u0103 comun\u0103 pentru elaborarea deciziilor privind reglementarea transnistrean\u0103.<\/p>\n<p>\u201eAceast\u0103 platform\u0103, din care face parte un consilier al Pre\u0219edintelui, reprezentan\u021bi ai Guvernului \u0219i ai Parlamentului, func\u021bioneaz\u0103. Nu avem divergen\u0163e referitor la implementarea Protocolului de la Berlin. \u0218i acesta se realizeaz\u0103. \u0218ase din cele opt punte ale protocolului au fost deja puse \u00een aplicare sau sunt aproape \u00eendeplinite\u201d, a subliniat Pre\u0219edintele.<\/p>\n<p>\u00cen opinia sa, este necesar\u0103 g\u0103sirea unei solu\u021bii politice pentru solu\u021bionarea definitiv\u0103 a conflictului.<\/p>\n<p>\u201e\u00cen ceea ce prive\u0219te solu\u021bia politic\u0103, aceasta trebuie elaborat\u0103. \u0218i trebuie s\u0103 g\u0103sim un consens la nivel politic pe malul drept al Nistrului. \u0218i abia apoi s\u0103 venim cu propuneri pentru Tiraspol. Dac\u0103 nu putem g\u0103si un consens acum, vom decide dup\u0103 alegerile parlamentare. Se lucreaz\u0103 pe aceast\u0103 direc\u021bie, dar deocamdat\u0103 nu ar trebui s\u0103 discut\u0103m public solu\u021biile \u201ecrude\u201d, a spus Dodon.<\/p>\n<p>El a men\u021bionat c\u0103 se lucreaz\u0103 \u0219i cu Transnistria. \u201eTimp de un an \u0219i jum\u0103tate am avut trei \u00eentrevederi cu liderul Transnistriei, Vadim Kranoselski. Acum ne preg\u0103tim de o alt\u0103 \u00eentrevedere\u201d, a spus Pre\u0219edintele.<\/p>\n<p>Sursa:\u00a0<a href=\"http:\/\/www.infotag.md\/rebelion-ro\/264672\/\">http:\/\/www.infotag.md\/<\/a><\/p>\n","protected":false},"excerpt":{"rendered":"<p>Pre\u0219edintele Igor Dodon a declarat c\u0103 pentru solu\u021bionarea problemei transnistrene trebuie g\u0103sit un consens \u00een conducerea Moldovei. Potrivit agen\u021biei INFOTAG, despre aceasta el a declarat mar\u0163i seara, \u00een cadrul unei conferin\u021be de pres\u0103 la care a f\u0103cut bilan\u0163ul activit\u0103\u0163ii sale \u00een decurs de un an \u015fi jum\u0103tate \u00een func\u0163ia de Pre\u015fedinte. \u201eVreau s\u0103 fie clar&#8230;.<\/p>\n","protected":false},"author":2,"featured_media":0,"comment_status":"closed","ping_status":"open","sticky":false,"template":"","format":"standard","meta":[],"categories":[1],"tags":[],"_links":{"self":[{"href":"https:\/\/centers.ulbsibiu.ro\/ccsprise\/lact\/wp-json\/wp\/v2\/posts\/5064"}],"collection":[{"href":"https:\/\/centers.ulbsibiu.ro\/ccsprise\/lact\/wp-json\/wp\/v2\/posts"}],"about":[{"href":"https:\/\/centers.ulbsibiu.ro\/ccsprise\/lact\/wp-json\/wp\/v2\/types\/post"}],"author":[{"embeddable":true,"href":"https:\/\/centers.ulbsibiu.ro\/ccsprise\/lact\/wp-json\/wp\/v2\/users\/2"}],"replies":[{"embeddable":true,"href":"https:\/\/centers.ulbsibiu.ro\/ccsprise\/lact\/wp-json\/wp\/v2\/comments?post=5064"}],"version-history":[{"count":1,"href":"https:\/\/centers.ulbsibiu.ro\/ccsprise\/lact\/wp-json\/wp\/v2\/posts\/5064\/revisions"}],"predecessor-version":[{"id":5065,"href":"https:\/\/centers.ulbsibiu.ro\/ccsprise\/lact\/wp-json\/wp\/v2\/posts\/5064\/revisions\/5065"}],"wp:attachment":[{"href":"https:\/\/centers.ulbsibiu.ro\/ccsprise\/lact\/wp-json\/wp\/v2\/media?parent=5064"}],"wp:term":[{"taxonomy":"category","embeddable":true,"href":"https:\/\/centers.ulbsibiu.ro\/ccsprise\/lact\/wp-json\/wp\/v2\/categories?post=5064"},{"taxonomy":"post_tag","embeddable":true,"href":"https:\/\/centers.ulbsibiu.ro\/ccsprise\/lact\/wp-json\/wp\/v2\/tags?post=5064"}],"curies":[{"name":"wp","href":"https:\/\/api.w.org\/{rel}","templated":true}]}}