{"id":5058,"date":"2018-07-03T19:38:39","date_gmt":"2018-07-03T17:38:39","guid":{"rendered":"https:\/\/centers.ulbsibiu.ro\/ccsprise\/lact\/?p=5058"},"modified":"2018-07-03T19:38:39","modified_gmt":"2018-07-03T17:38:39","slug":"gov-md-la-tiraspol-a-avut-loc-o-noua-intrevedere-a-reprezentantilor-politici-in-procesul-de-negocieri-pentru-reglementarea-transnistreana","status":"publish","type":"post","link":"https:\/\/centers.ulbsibiu.ro\/ccsprise\/lact\/gov-md-la-tiraspol-a-avut-loc-o-noua-intrevedere-a-reprezentantilor-politici-in-procesul-de-negocieri-pentru-reglementarea-transnistreana\/","title":{"rendered":"Gov.md &#8211; La Tiraspol a avut loc o nou\u0103 \u00eentrevedere a reprezentan\u0163ilor politici \u00een procesul de negocieri pentru reglementarea transnistrean\u0103"},"content":{"rendered":"<p>O nou\u0103 \u015fedin\u0163\u0103 de lucru a reprezentan\u0163ilor politici \u00een procesul de negocieri pentru reglementarea transnistrean\u0103 din partea Chi\u015fin\u0103ului \u015fi Tiraspolului, Cristina Lesnic \u015fi Vitalii Ignatiev, cu participarea reprezentan\u0163ilor mediatorilor \u015fi ai observatorilor din cadrul formatului de negocieri \u201e5+2\u201d, s-a desf\u0103\u0219urat pe 02 iulie curent, la sediul Misiunii OSCE din or. Tiraspol.<\/p>\n<p>\u00cen cadrul \u00eentrunirii au fost abordate evolu\u021biile recent marcate pe cele mai actuale subiecte de pe agenda procesului de negocieri, fiind men\u021bionat\u0103 dinamica continu\u0103 \u0219i rezultativ\u0103 \u00een platformele de dialog Chi\u0219in\u0103u-Tiraspol.<\/p>\n<p>Printre subiectele discutate au fost situa\u021bia curent\u0103 \u00een sfera telecomunica\u021biilor, la acest subiect fiind semnat, la data de 28 iunie 2018, la nivelul coordonatorilor grupurilor de lucru, Roadmap-ul \u201ePrivind implementarea prevederilor Deciziei protocolare \u201eCu privire la organizarea interac\u021biunii \u00een domeniul telecomunica\u021biilor\u201d din 25 noiembrie 2017, \u00een corespundere cu prevederile Protocolului \u0219edin\u021bei oficiale a \u201eConferin\u021bei permanente pe probleme politice \u00een procesul de reglementare transnistrean\u0103\u201d, care a avut loc la Roma, Italia, \u00een perioada 29 &#8211; 30 mai 2018.<\/p>\n<p>\u00cen contextul dialogului p\u0103r\u021bile au abordat \u0219i subiectele ce \u021bin de dotarea tehnico-material\u0103 a punctelor de \u00eenmatriculare a mijloacelor de transport din or. R\u00e2bni\u0163a \u0219i Tiraspol \u0219i organizarea cursurilor de perfec\u021bionare pentru personalul ce va activa \u00een aceste puncte.<\/p>\n<p>Totodat\u0103, discu\u021biile s-au axat pe marginea poten\u021bialelor mecanisme de import a medicamentelor \u00een regiunea transnistrean\u0103 \u0219i de achizi\u021bionare a preparatelor medicale pentru persoanele ce sufer\u0103 de HIV\/SIDA \u0219i de tuberculoz\u0103.<\/p>\n<p>Partea moldoveneasc\u0103 a informat despre ini\u021bierea procedurii de consultare public\u0103 \u0219i de promovare a proiectului de modificare a Hot\u0103r\u00e2rii Guvernului nr.1164 din 22 octombrie 2016 \u201eCu privire la Programul na\u0163ional de prevenire \u015fi control\u00a0al infec\u021biei HIV\/SIDA \u015fi infec\u021biilor cu transmitere sexual\u0103\u00a0pentru anii 2016-2020\u201d \u00een vederea acord\u0103rii asisten\u021bei necesare locuitorilor din regiunea transnistrean\u0103.<\/p>\n<p>Printre subiectele supuse discu\u021biilor la fel pot fi eviden\u021biate \u0219i coordonarea mersului procedurii privind revendicarea terenurilor agricole, situate dup\u0103 traseul R\u00e2bni\u021ba-Tiraspol \u0219i activitatea grupurilor de lucru pentru drepturile omului.<\/p>\n<p>Reprezentan\u021bii politici au convenit necesitatea continu\u0103rii dialogului pe marginea problemelor enun\u021bate supra, cu organizarea \u00een timpul apropiat a \u0219edin\u021belor grupurilor de lucru \u00een domeniile aferente.<\/p>\n<p>La finele \u00eentrevederii reprezentan\u021bii politici au sus\u021binut un briefing de pres\u0103 \u0219i au r\u0103spuns la \u00eentreb\u0103rile formulate de c\u0103tre exponen\u021bii mass-media.<\/p>\n<p>Sursa:\u00a0<a href=\"https:\/\/gov.md\/ro\/content\/la-tiraspol-avut-loc-o-noua-intrevedere-reprezentantilor-politici-procesul-de-negocieri\">https:\/\/gov.md\/<\/a><\/p>\n","protected":false},"excerpt":{"rendered":"<p>O nou\u0103 \u015fedin\u0163\u0103 de lucru a reprezentan\u0163ilor politici \u00een procesul de negocieri pentru reglementarea transnistrean\u0103 din partea Chi\u015fin\u0103ului \u015fi Tiraspolului, Cristina Lesnic \u015fi Vitalii Ignatiev, cu participarea reprezentan\u0163ilor mediatorilor \u015fi ai observatorilor din cadrul formatului de negocieri \u201e5+2\u201d, s-a desf\u0103\u0219urat pe 02 iulie curent, la sediul Misiunii OSCE din or. Tiraspol. \u00cen cadrul \u00eentrunirii au&#8230;<\/p>\n","protected":false},"author":2,"featured_media":0,"comment_status":"closed","ping_status":"open","sticky":false,"template":"","format":"standard","meta":[],"categories":[1],"tags":[],"_links":{"self":[{"href":"https:\/\/centers.ulbsibiu.ro\/ccsprise\/lact\/wp-json\/wp\/v2\/posts\/5058"}],"collection":[{"href":"https:\/\/centers.ulbsibiu.ro\/ccsprise\/lact\/wp-json\/wp\/v2\/posts"}],"about":[{"href":"https:\/\/centers.ulbsibiu.ro\/ccsprise\/lact\/wp-json\/wp\/v2\/types\/post"}],"author":[{"embeddable":true,"href":"https:\/\/centers.ulbsibiu.ro\/ccsprise\/lact\/wp-json\/wp\/v2\/users\/2"}],"replies":[{"embeddable":true,"href":"https:\/\/centers.ulbsibiu.ro\/ccsprise\/lact\/wp-json\/wp\/v2\/comments?post=5058"}],"version-history":[{"count":1,"href":"https:\/\/centers.ulbsibiu.ro\/ccsprise\/lact\/wp-json\/wp\/v2\/posts\/5058\/revisions"}],"predecessor-version":[{"id":5059,"href":"https:\/\/centers.ulbsibiu.ro\/ccsprise\/lact\/wp-json\/wp\/v2\/posts\/5058\/revisions\/5059"}],"wp:attachment":[{"href":"https:\/\/centers.ulbsibiu.ro\/ccsprise\/lact\/wp-json\/wp\/v2\/media?parent=5058"}],"wp:term":[{"taxonomy":"category","embeddable":true,"href":"https:\/\/centers.ulbsibiu.ro\/ccsprise\/lact\/wp-json\/wp\/v2\/categories?post=5058"},{"taxonomy":"post_tag","embeddable":true,"href":"https:\/\/centers.ulbsibiu.ro\/ccsprise\/lact\/wp-json\/wp\/v2\/tags?post=5058"}],"curies":[{"name":"wp","href":"https:\/\/api.w.org\/{rel}","templated":true}]}}