{"id":5056,"date":"2018-07-03T19:35:36","date_gmt":"2018-07-03T17:35:36","guid":{"rendered":"https:\/\/centers.ulbsibiu.ro\/ccsprise\/lact\/?p=5056"},"modified":"2018-07-03T19:35:36","modified_gmt":"2018-07-03T17:35:36","slug":"ziarulnational-md-dodon-ingrijorat-in-presa-rusa-de-faptul-ca-ar-putea-reizbucni-conflictul-transnistrean-ameninta-ca-va-bloca-noua-strategie-nationala-de-aparare","status":"publish","type":"post","link":"https:\/\/centers.ulbsibiu.ro\/ccsprise\/lact\/ziarulnational-md-dodon-ingrijorat-in-presa-rusa-de-faptul-ca-ar-putea-reizbucni-conflictul-transnistrean-ameninta-ca-va-bloca-noua-strategie-nationala-de-aparare\/","title":{"rendered":"Ziarulnational.md &#8211; Dodon, \u00eengrijorat \u00een presa rus\u0103 de faptul c\u0103 ar putea REIZBUCNI conflictul transnistrean: Amenin\u021b\u0103 c\u0103 va BLOCA noua Strategie na\u021bional\u0103 de ap\u0103rare"},"content":{"rendered":"<p><span style=\"display: inline !important; float: none; background-color: transparent; color: #383536; font-family: 'Open Sans',sans-serif; font-size: 16px; font-style: normal; font-variant: normal; font-weight: 400; letter-spacing: normal; orphans: 2; text-align: left; text-decoration: none; text-indent: 0px; text-transform: none; -webkit-text-stroke-width: 0px; white-space: normal; word-spacing: 0px;\">Ac\u0163iunile Guvernului de la Chi\u015fin\u0103u ar putea duce la declan\u015farea unui conflict cu Transnistria cu scopul de a atrage Rusia \u00een evenimente. <\/span><\/p>\n<p><span style=\"display: inline !important; float: none; background-color: transparent; color: #383536; font-family: 'Open Sans',sans-serif; font-size: 16px; font-style: normal; font-variant: normal; font-weight: 400; letter-spacing: normal; orphans: 2; text-align: left; text-decoration: none; text-indent: 0px; text-transform: none; -webkit-text-stroke-width: 0px; white-space: normal; word-spacing: 0px;\"> Declara\u021bia \u00eei apar\u021bine pre\u015fedintelui prorus al R. Moldova, Igor Dodon, \u0219i a fost f\u0103cut\u0103 \u00eentr-un interviu acordat la sf\u00e2r\u015fitul s\u0103pt\u0103m\u00e2nii trecute ziarului rusesc \u201eNezavisimaia Gazeta\u201d, cu referire la Rezolu\u0163ia Adun\u0103rii Generale a ONU privind retragerea trupelor ruse din Transnistria, adoptat\u0103 la 22 iunie curent, la ini\u0163iativa Guvernului Republicii Moldova.<\/span><\/p>\n<p><span style=\"display: inline !important; float: none; background-color: transparent; color: #383536; font-family: 'Open Sans',sans-serif; font-size: 16px; font-style: normal; font-variant: normal; font-weight: 400; letter-spacing: normal; orphans: 2; text-align: left; text-decoration: none; text-indent: 0px; text-transform: none; -webkit-text-stroke-width: 0px; white-space: normal; word-spacing: 0px;\"> Dodon crede c\u0103 acest document \u201edoar va \u00eenr\u0103ut\u0103\u0163i situa\u0163ia Chi\u015fin\u0103ului, inclusiv din punct de vedere rezolv\u0103rii politice c\u00e2t mai rapide a conflictului transnistrean\u201d.<\/span><\/p>\n<p><span style=\"display: inline !important; float: none; background-color: transparent; color: #383536; font-family: 'Open Sans',sans-serif; font-size: 16px; font-style: normal; font-variant: normal; font-weight: 400; letter-spacing: normal; orphans: 2; text-align: left; text-decoration: none; text-indent: 0px; text-transform: none; -webkit-text-stroke-width: 0px; white-space: normal; word-spacing: 0px;\"> \u201eSunt \u00eengrijorat de posibilitatea reanim\u0103rii conflictului transnistrean cu scopul de a atrage \u00een el Rusia. Vor risca oare democra\u0163ii no\u015ftri un astfel de scenariu? Sper c\u0103 nu. (&#8230;) Ei (guvernarea &#8211; n.r.) sperie poporul cu amenin\u0163\u0103ri din partea Federa\u0163iei Ruse \u015fi Transnistriei, deoarece nu mai au ce spune despre vectorul proeuropean. S\u0103pt\u0103m\u00e2na trecut\u0103 s-au \u00eemplinit patru ani de la semnarea Acordului de asociere a Republicii Moldova cu UE, dar rezultatele a\u015fteptate nu sunt. Iar dup\u0103 ce instan\u0163a de judecat\u0103 a anulat recent rezultatele alegerilor la prim\u0103ria Chi\u015fin\u0103ului, \u00eencrederea \u00een partidul de guvern\u0103m\u00e2nt a fost complet subminat\u0103. Dar alegerile parlamentare vor pune totul \u00een ordine\u201d, a spus Dodon \u00een interviu.<\/span><\/p>\n<p>Sursa:\u00a0<a href=\"http:\/\/www.ziarulnational.md\/dodon-ingrijorat-in-presa-rusa-de-faptul-ca-ar-putea-reizbucni-conflictul-transnistrean-ameninta-ca-va-bloca-noua-strategie-nationala-de-aparare\/\">http:\/\/www.ziarulnational.md\/<\/a><\/p>\n","protected":false},"excerpt":{"rendered":"<p>Ac\u0163iunile Guvernului de la Chi\u015fin\u0103u ar putea duce la declan\u015farea unui conflict cu Transnistria cu scopul de a atrage Rusia \u00een evenimente. Declara\u021bia \u00eei apar\u021bine pre\u015fedintelui prorus al R. Moldova, Igor Dodon, \u0219i a fost f\u0103cut\u0103 \u00eentr-un interviu acordat la sf\u00e2r\u015fitul s\u0103pt\u0103m\u00e2nii trecute ziarului rusesc \u201eNezavisimaia Gazeta\u201d, cu referire la Rezolu\u0163ia Adun\u0103rii Generale a ONU&#8230;<\/p>\n","protected":false},"author":2,"featured_media":0,"comment_status":"closed","ping_status":"open","sticky":false,"template":"","format":"standard","meta":[],"categories":[1],"tags":[],"_links":{"self":[{"href":"https:\/\/centers.ulbsibiu.ro\/ccsprise\/lact\/wp-json\/wp\/v2\/posts\/5056"}],"collection":[{"href":"https:\/\/centers.ulbsibiu.ro\/ccsprise\/lact\/wp-json\/wp\/v2\/posts"}],"about":[{"href":"https:\/\/centers.ulbsibiu.ro\/ccsprise\/lact\/wp-json\/wp\/v2\/types\/post"}],"author":[{"embeddable":true,"href":"https:\/\/centers.ulbsibiu.ro\/ccsprise\/lact\/wp-json\/wp\/v2\/users\/2"}],"replies":[{"embeddable":true,"href":"https:\/\/centers.ulbsibiu.ro\/ccsprise\/lact\/wp-json\/wp\/v2\/comments?post=5056"}],"version-history":[{"count":1,"href":"https:\/\/centers.ulbsibiu.ro\/ccsprise\/lact\/wp-json\/wp\/v2\/posts\/5056\/revisions"}],"predecessor-version":[{"id":5057,"href":"https:\/\/centers.ulbsibiu.ro\/ccsprise\/lact\/wp-json\/wp\/v2\/posts\/5056\/revisions\/5057"}],"wp:attachment":[{"href":"https:\/\/centers.ulbsibiu.ro\/ccsprise\/lact\/wp-json\/wp\/v2\/media?parent=5056"}],"wp:term":[{"taxonomy":"category","embeddable":true,"href":"https:\/\/centers.ulbsibiu.ro\/ccsprise\/lact\/wp-json\/wp\/v2\/categories?post=5056"},{"taxonomy":"post_tag","embeddable":true,"href":"https:\/\/centers.ulbsibiu.ro\/ccsprise\/lact\/wp-json\/wp\/v2\/tags?post=5056"}],"curies":[{"name":"wp","href":"https:\/\/api.w.org\/{rel}","templated":true}]}}