{"id":5053,"date":"2018-07-03T19:33:29","date_gmt":"2018-07-03T17:33:29","guid":{"rendered":"https:\/\/centers.ulbsibiu.ro\/ccsprise\/lact\/?p=5053"},"modified":"2018-07-03T19:33:29","modified_gmt":"2018-07-03T17:33:29","slug":"publika-md-alegatorii-din-transnistria-se-pot-inregistra-in-prealabil-pentru-a-si-anunta-intentia-de-a-vota-la-parlamentarele-din-toamna","status":"publish","type":"post","link":"https:\/\/centers.ulbsibiu.ro\/ccsprise\/lact\/publika-md-alegatorii-din-transnistria-se-pot-inregistra-in-prealabil-pentru-a-si-anunta-intentia-de-a-vota-la-parlamentarele-din-toamna\/","title":{"rendered":"Publika.md &#8211; Aleg\u0103torii din Transnistria se pot \u00eenregistra \u00een prealabil pentru a-\u0219i anun\u021ba inten\u021bia de a vota la parlamentarele din toamn\u0103"},"content":{"rendered":"<p><strong>Cet\u0103\u021benii Republicii Moldova, care au domiciliul \u00een localit\u0103\u021bile din st\u00e2nga Nistrului, vor putea s\u0103 se \u00eenregistreze \u00een prealabil pentru a-\u0219i anun\u021ba inten\u021bia de a vota la alegerile parlamentare din acest an<\/strong>.<\/p>\n<p>Potrivit Comisiei Electorale Centrale, procedura este una op\u021bional\u0103 \u0219i are scopul de a facilita deschiderea sec\u021biilor de votare distincte pentru aleg\u0103torii din regiune. <strong>\u00censcrierea on-line poate fi efectuat\u0103 pe pagina &#8220;inregistrare.cec.md&#8221; sau prin cerere scris\u0103, semnat\u0103 individual sau \u00een grup \u0219i transmis\u0103 c\u0103tre CEC<\/strong>.<\/p>\n<p>Aleg\u0103torii se pot \u00eenregistra \u00een prealabil pe tot parcursul anului, cu excep\u021bia ultimelor 45 de zile \u00eenainte de data scrutinului. Alegerile parlamentare urmeaz\u0103 s\u0103 aib\u0103 loc \u00een acest an deja dup\u0103 sistemul mixt de vot.<\/p>\n<p>\u00cen acest sco<strong>p, vor fi create pe teritoriul Moldovei 48 de circumscrip\u021bii uninominale, dintre care dou\u0103 destinate cet\u0103\u021benilor din st\u00e2nga Nistrului<\/strong>. Moldovenii din diaspor\u0103 vor avea trei circumscrip\u0163ii.<\/p>\n<p>Cite\u0219te mai mult: <a href=\"https:\/\/www.publika.md\/alegatorii-din-transnistria-se-pot-inregistra-in-prealabil-pentru-a-si-anunta-intentia-de-a-vota-la-parlamentarele-din-toamna_3011505.html#ixzz5KDKPb1OI\">https:\/\/www.publika.md\/alegatorii-din-transnistria-se-pot-inregistra-in-prealabil-pentru-a-si-anunta-intentia-de-a-vota-la-parlamentarele-din-toamna_3011505.html#ixzz5KDKPb1OI<\/a><\/p>\n","protected":false},"excerpt":{"rendered":"<p>Cet\u0103\u021benii Republicii Moldova, care au domiciliul \u00een localit\u0103\u021bile din st\u00e2nga Nistrului, vor putea s\u0103 se \u00eenregistreze \u00een prealabil pentru a-\u0219i anun\u021ba inten\u021bia de a vota la alegerile parlamentare din acest an. Potrivit Comisiei Electorale Centrale, procedura este una op\u021bional\u0103 \u0219i are scopul de a facilita deschiderea sec\u021biilor de votare distincte pentru aleg\u0103torii din regiune. \u00censcrierea&#8230;<\/p>\n","protected":false},"author":2,"featured_media":0,"comment_status":"closed","ping_status":"open","sticky":false,"template":"","format":"standard","meta":[],"categories":[1],"tags":[],"_links":{"self":[{"href":"https:\/\/centers.ulbsibiu.ro\/ccsprise\/lact\/wp-json\/wp\/v2\/posts\/5053"}],"collection":[{"href":"https:\/\/centers.ulbsibiu.ro\/ccsprise\/lact\/wp-json\/wp\/v2\/posts"}],"about":[{"href":"https:\/\/centers.ulbsibiu.ro\/ccsprise\/lact\/wp-json\/wp\/v2\/types\/post"}],"author":[{"embeddable":true,"href":"https:\/\/centers.ulbsibiu.ro\/ccsprise\/lact\/wp-json\/wp\/v2\/users\/2"}],"replies":[{"embeddable":true,"href":"https:\/\/centers.ulbsibiu.ro\/ccsprise\/lact\/wp-json\/wp\/v2\/comments?post=5053"}],"version-history":[{"count":1,"href":"https:\/\/centers.ulbsibiu.ro\/ccsprise\/lact\/wp-json\/wp\/v2\/posts\/5053\/revisions"}],"predecessor-version":[{"id":5054,"href":"https:\/\/centers.ulbsibiu.ro\/ccsprise\/lact\/wp-json\/wp\/v2\/posts\/5053\/revisions\/5054"}],"wp:attachment":[{"href":"https:\/\/centers.ulbsibiu.ro\/ccsprise\/lact\/wp-json\/wp\/v2\/media?parent=5053"}],"wp:term":[{"taxonomy":"category","embeddable":true,"href":"https:\/\/centers.ulbsibiu.ro\/ccsprise\/lact\/wp-json\/wp\/v2\/categories?post=5053"},{"taxonomy":"post_tag","embeddable":true,"href":"https:\/\/centers.ulbsibiu.ro\/ccsprise\/lact\/wp-json\/wp\/v2\/tags?post=5053"}],"curies":[{"name":"wp","href":"https:\/\/api.w.org\/{rel}","templated":true}]}}