{"id":5042,"date":"2018-06-29T17:47:42","date_gmt":"2018-06-29T15:47:42","guid":{"rendered":"https:\/\/centers.ulbsibiu.ro\/ccsprise\/lact\/?p=5042"},"modified":"2018-06-29T17:47:42","modified_gmt":"2018-06-29T15:47:42","slug":"deschide-md-gubarev-o-face-pe-prostul-spune-ca-r-moldova-cere-retragerea-pacificatorilor-rusi-din-transnistria","status":"publish","type":"post","link":"https:\/\/centers.ulbsibiu.ro\/ccsprise\/lact\/deschide-md-gubarev-o-face-pe-prostul-spune-ca-r-moldova-cere-retragerea-pacificatorilor-rusi-din-transnistria\/","title":{"rendered":"Deschide.md &#8211; Gubarev o face pe prostul: Spune c\u0103 R. Moldova cere retragerea pacificatorilor ru\u0219i din Transnistria"},"content":{"rendered":"<p>Author: Vasile Cojocari<\/p>\n<p>&nbsp;<\/p>\n<p>Confuzia de planuri a cea mai nou\u0103 arm\u0103 a diploma\u0163iei de la Kremlin. De\u015fi recenta rezolu\u0163ie ONU stipuleaz\u0103 clar c\u0103 e vorba de retragerea Grupului Operativ de Trupe Ruse din regiunea transnistrean\u0103, ambasadorul misiuni speciale al Ministerului de Externe al Rusiei, Serghei Gubarev, sus\u0163ine \u00eentr-un interviu pentru TASS c\u0103 Chi\u015fin\u0103ul ar fi cerut retragerea &#8220;pacificatorilor ru\u015fi&#8221;.<\/p>\n<p>\u201eDe la evenimentele tragice din 1992 a trecut pu\u021bin timp, dar este foarte curios de ce politicienii de ast\u0103zi au uitat c\u0103 gra\u021bie activit\u0103\u021bii solda\u021bilor ru\u0219i la Nistru au fost oprite v\u0103rs\u0103rile de s\u00e2nge \u0219i c\u0103 contingentul militar rus ast\u0103zi este garantul p\u0103cii \u0219i a stabilit\u0103\u021bii \u00een regiune\u201d, a spus Gubarev.<\/p>\n<p>Diplomatul rus s-a declarat dezam\u0103git c\u0103 un num\u0103r mare de \u021b\u0103ri a votat aceast\u0103 rezolu\u021bie.<\/p>\n<p>\u201eVreau s\u0103 subliniez c\u0103 Transnistria este unica regiune din Estul Europei, unde, dup\u0103 \u00eenceperea opera\u021biunii de pacificare, nu s-au mai repetat conflictele militare. De aceea caracterul provocator al acestui pas le este tuturor clar. Mi se pare c\u0103 consecin\u021bele lui se vor resim\u021bi nu doar \u00een timpul apropiat\u201d, mai spune Gubarev.<\/p>\n<p>Gubarev a avertizat c\u0103 cei care \u00eentreprind pa\u0219i \u00een defavoare reglement\u0103rii transnistrene vor trebuie s\u0103-\u0219i asume consecin\u021bele.<\/p>\n<p>Textul complet:\u00a0<a href=\"https:\/\/deschide.md\/ro\/stiri\/politic\/33206\/Gubarev-o-face-pe-prostul-Spune-c\u0103-R-Moldova-cere-retragerea-pacificatorilor-ru\u0219i-din-Transnistria.htm\">https:\/\/deschide.md\/<\/a><\/p>\n","protected":false},"excerpt":{"rendered":"<p>Author: Vasile Cojocari &nbsp; Confuzia de planuri a cea mai nou\u0103 arm\u0103 a diploma\u0163iei de la Kremlin. De\u015fi recenta rezolu\u0163ie ONU stipuleaz\u0103 clar c\u0103 e vorba de retragerea Grupului Operativ de Trupe Ruse din regiunea transnistrean\u0103, ambasadorul misiuni speciale al Ministerului de Externe al Rusiei, Serghei Gubarev, sus\u0163ine \u00eentr-un interviu pentru TASS c\u0103 Chi\u015fin\u0103ul ar&#8230;<\/p>\n","protected":false},"author":2,"featured_media":0,"comment_status":"closed","ping_status":"open","sticky":false,"template":"","format":"standard","meta":[],"categories":[1],"tags":[],"_links":{"self":[{"href":"https:\/\/centers.ulbsibiu.ro\/ccsprise\/lact\/wp-json\/wp\/v2\/posts\/5042"}],"collection":[{"href":"https:\/\/centers.ulbsibiu.ro\/ccsprise\/lact\/wp-json\/wp\/v2\/posts"}],"about":[{"href":"https:\/\/centers.ulbsibiu.ro\/ccsprise\/lact\/wp-json\/wp\/v2\/types\/post"}],"author":[{"embeddable":true,"href":"https:\/\/centers.ulbsibiu.ro\/ccsprise\/lact\/wp-json\/wp\/v2\/users\/2"}],"replies":[{"embeddable":true,"href":"https:\/\/centers.ulbsibiu.ro\/ccsprise\/lact\/wp-json\/wp\/v2\/comments?post=5042"}],"version-history":[{"count":1,"href":"https:\/\/centers.ulbsibiu.ro\/ccsprise\/lact\/wp-json\/wp\/v2\/posts\/5042\/revisions"}],"predecessor-version":[{"id":5043,"href":"https:\/\/centers.ulbsibiu.ro\/ccsprise\/lact\/wp-json\/wp\/v2\/posts\/5042\/revisions\/5043"}],"wp:attachment":[{"href":"https:\/\/centers.ulbsibiu.ro\/ccsprise\/lact\/wp-json\/wp\/v2\/media?parent=5042"}],"wp:term":[{"taxonomy":"category","embeddable":true,"href":"https:\/\/centers.ulbsibiu.ro\/ccsprise\/lact\/wp-json\/wp\/v2\/categories?post=5042"},{"taxonomy":"post_tag","embeddable":true,"href":"https:\/\/centers.ulbsibiu.ro\/ccsprise\/lact\/wp-json\/wp\/v2\/tags?post=5042"}],"curies":[{"name":"wp","href":"https:\/\/api.w.org\/{rel}","templated":true}]}}