{"id":5040,"date":"2018-06-28T19:23:12","date_gmt":"2018-06-28T17:23:12","guid":{"rendered":"https:\/\/centers.ulbsibiu.ro\/ccsprise\/lact\/?p=5040"},"modified":"2018-06-28T19:23:12","modified_gmt":"2018-06-28T17:23:12","slug":"gov-md-intrevederea-viceprim-ministrului-cristina-lesnic-cu-reprezentantul-special-al-ucrainei-in-procesul-de-negocieri-pentru-reglementarea-transnistreana-viktor-krijanovski-si-ambasadorul-ucrainei-2","status":"publish","type":"post","link":"https:\/\/centers.ulbsibiu.ro\/ccsprise\/lact\/gov-md-intrevederea-viceprim-ministrului-cristina-lesnic-cu-reprezentantul-special-al-ucrainei-in-procesul-de-negocieri-pentru-reglementarea-transnistreana-viktor-krijanovski-si-ambasadorul-ucrainei-2\/","title":{"rendered":"Gov.md &#8211; \u00centrevederea Viceprim-ministrului Cristina Lesnic cu Reprezentantul Special al Ucrainei \u00een procesul de negocieri pentru reglementarea transnistrean\u0103 Viktor Krijanovski \u0219i Ambasadorul Ucrainei \u00een Republica Moldova Ivan Gnat\u00e2\u0219in"},"content":{"rendered":"<p>Ast\u0103zi, 27 iunie curent, Viceprim-ministrul Cristina Lesnic a avut o \u00eentrevedere cu Reprezentantul Special al Ucrainei \u00een procesul de negocieri pentru reglementarea transnistrean\u0103 Viktor Krijanovski. La eveniment a mai participat \u0219i Ambasadorul Ucrainei \u00een Republica Moldova, E.S. Ivan Gnat\u00e2\u0219in.<\/p>\n<p>\u00cen debutul \u0219edin\u021bei Vicepremierul Cristina Lesnic a adus mul\u021bumiri partenerilor ucraineni pentru aportul consistent \u00een promovarea procesului de reglementare transnistrean\u0103 \u00een cadrul rundei oficiale \u00een formatul de negocieri \u201e5+2\u201d de la Roma, ce a avut loc \u00een perioada 29-30 mai 2018.<\/p>\n<p>Totodat\u0103, diploma\u021bii ucraineni au reafirmat sprijinul Ucrainei pentru suveranitatea \u0219i integritatea teritorial\u0103 a Republicii Moldova, drept confirmare fiind votul exprimat \u00een cadrul Adun\u0103rii Generale a ONU la subiectul Rezolu\u021biei \u201ePrivind retragerea complet\u0103 \u015fi necondi\u021bionat\u0103 a for\u0163elor militare str\u0103ine de pe teritoriul Republicii Moldova\u201d.<\/p>\n<p>\u00cen continuarea dialogului, oficialii ucraineni au men\u021bionat c\u0103 au luat act de incidentele recent fixate \u00een perimetrul Zonei de Securitate \u0219i c\u0103 Ucraina nu tolereaz\u0103 astfel de provoc\u0103ri.<\/p>\n<p>Vicepremierul Cristina Lesnic a relevat problemele abordate \u00een cadrul \u00eentrevederilor reprezentan\u021bilor politici din 21 \u0219i din 22 iunie curent, activit\u0103\u021bile desf\u0103\u0219urate \u00een grupurile de lucru sectoriale, eviden\u021biind abord\u0103rile p\u0103r\u021bii moldovene\u0219ti pe marginea subiectelor discutate \u0219i viziunile de solu\u021bionare a acestora.<\/p>\n<p>La final, Viceprim-ministrul Cristina Lesnic a adus mul\u021bumiri oficiale pentru suportul Ucrainei \u00een procesul de reglementare transnistrean\u0103 \u0219i pentru sus\u021binerea Rezolu\u021biei \u201ePrivind retragerea complet\u0103 \u015fi necondi\u021bionat\u0103 a for\u0163elor militare str\u0103ine de pe teritoriul Republicii Moldova\u201d.<\/p>\n<p>Sursa:\u00a0<a href=\"https:\/\/gov.md\/ro\/content\/intrevederea-viceprim-ministrului-cristina-lesnic-cu-reprezentantul-special-al-ucrainei-1\">https:\/\/gov.md\/<\/a><\/p>\n","protected":false},"excerpt":{"rendered":"<p>Ast\u0103zi, 27 iunie curent, Viceprim-ministrul Cristina Lesnic a avut o \u00eentrevedere cu Reprezentantul Special al Ucrainei \u00een procesul de negocieri pentru reglementarea transnistrean\u0103 Viktor Krijanovski. La eveniment a mai participat \u0219i Ambasadorul Ucrainei \u00een Republica Moldova, E.S. Ivan Gnat\u00e2\u0219in. \u00cen debutul \u0219edin\u021bei Vicepremierul Cristina Lesnic a adus mul\u021bumiri partenerilor ucraineni pentru aportul consistent \u00een promovarea&#8230;<\/p>\n","protected":false},"author":2,"featured_media":0,"comment_status":"closed","ping_status":"open","sticky":false,"template":"","format":"standard","meta":[],"categories":[1],"tags":[],"_links":{"self":[{"href":"https:\/\/centers.ulbsibiu.ro\/ccsprise\/lact\/wp-json\/wp\/v2\/posts\/5040"}],"collection":[{"href":"https:\/\/centers.ulbsibiu.ro\/ccsprise\/lact\/wp-json\/wp\/v2\/posts"}],"about":[{"href":"https:\/\/centers.ulbsibiu.ro\/ccsprise\/lact\/wp-json\/wp\/v2\/types\/post"}],"author":[{"embeddable":true,"href":"https:\/\/centers.ulbsibiu.ro\/ccsprise\/lact\/wp-json\/wp\/v2\/users\/2"}],"replies":[{"embeddable":true,"href":"https:\/\/centers.ulbsibiu.ro\/ccsprise\/lact\/wp-json\/wp\/v2\/comments?post=5040"}],"version-history":[{"count":1,"href":"https:\/\/centers.ulbsibiu.ro\/ccsprise\/lact\/wp-json\/wp\/v2\/posts\/5040\/revisions"}],"predecessor-version":[{"id":5041,"href":"https:\/\/centers.ulbsibiu.ro\/ccsprise\/lact\/wp-json\/wp\/v2\/posts\/5040\/revisions\/5041"}],"wp:attachment":[{"href":"https:\/\/centers.ulbsibiu.ro\/ccsprise\/lact\/wp-json\/wp\/v2\/media?parent=5040"}],"wp:term":[{"taxonomy":"category","embeddable":true,"href":"https:\/\/centers.ulbsibiu.ro\/ccsprise\/lact\/wp-json\/wp\/v2\/categories?post=5040"},{"taxonomy":"post_tag","embeddable":true,"href":"https:\/\/centers.ulbsibiu.ro\/ccsprise\/lact\/wp-json\/wp\/v2\/tags?post=5040"}],"curies":[{"name":"wp","href":"https:\/\/api.w.org\/{rel}","templated":true}]}}