{"id":5038,"date":"2018-06-28T19:20:54","date_gmt":"2018-06-28T17:20:54","guid":{"rendered":"https:\/\/centers.ulbsibiu.ro\/ccsprise\/lact\/?p=5038"},"modified":"2018-06-28T19:20:54","modified_gmt":"2018-06-28T17:20:54","slug":"infotag-md-mae-al-transnistriei-recomanda-colegilor-ucraineni-sa-se-abtina-de-la-comentarii-tendentioase","status":"publish","type":"post","link":"https:\/\/centers.ulbsibiu.ro\/ccsprise\/lact\/infotag-md-mae-al-transnistriei-recomanda-colegilor-ucraineni-sa-se-abtina-de-la-comentarii-tendentioase\/","title":{"rendered":"Infotag.md &#8211; MAE AL TRANSNISTRIEI RECOMAND\u0102 COLEGILOR UCRAINENI S\u0102 SE AB\u0162IN\u0102 DE LA COMENTARII TENDEN\u0162IOASE"},"content":{"rendered":"<p>MAE al Transnistriei recomand\u0103 colegilor ucraineni \u201es\u0103 se ab\u0163in\u0103 de la comentarii tenden\u0163ioase \u015fi de la folosirea \u00een declara\u0163iile diplomatice a cli\u015feelor de propagand\u0103, care agraveaz\u0103 situa\u0163ia interac\u0163iunii \u00eentre cele dou\u0103 \u0163\u0103ri \u00een diferite domenii\u201d.<\/p>\n<p>Potrivit agen\u0163iei INFOTAG, despre aceasta se men\u0163ioneaz\u0103 \u00eentr-un comentariu al ministerului de externe al autoproclamatei RMN \u00een leg\u0103tur\u0103 cu declara\u0163iile f\u0103cute de ministrul Afacerilor Externe al Ucrainei, Pavel Klimkin, la un briefing \u00een regiunea Transcarpatic\u0103 la sf\u00e2r\u015fitul s\u0103pt\u0103m\u00e2nii trecute.<\/p>\n<p>\u201eTransnistria respinge acuza\u021biile absolut nefondate \u0219i nejustificate precum c\u0103 ar fi organizat incendierile din regiunea Transcarpatic\u0103\u201d, subliniaz\u0103 autorit\u0103\u0163ile de la Tiraspol, care atrag aten\u021bia asupra faptului c\u0103 \u201econducerea RMN este reprezentat\u0103 de c\u0103tre pre\u0219edinte, ales legal la alegerile directe din 11 decembrie 2016, de c\u0103tre Sovietul Suprem, ales \u00een mod democratic, \u0219i de c\u0103tre Guvern, format \u00een conformitate cu procedurile stabilite de Constitu\u021bie\u201d.<\/p>\n<p>\u00cen opinia MAE, remarcile lui Klimkin referitor la activitatea formatului \u201e5+2\u201d \u201enu corespund statutului de garant \u0219i mediator obiectiv \u00een procesul de reglementare\u201d.<\/p>\n<p>\u201eCredem c\u0103 tentativele \u00eentreprinse de un mediator de a predetermina formula reglement\u0103rii politice definitive a conflictului nu apropie p\u0103r\u021bile de compromisuri pentru problemele de zi cu zi, dar acutizeaz\u0103 \u0219i mai mult divergen\u021bele existente \u0219i duc la sc\u0103derea nivelului de \u00een\u021belegere reciproc\u0103 \u00een dialog\u201d, au remarcat autorii comentariului.<\/p>\n<p>Ei au reiterat deschiderea Transnistriei pentru vizita ministrului Afacerilor Externe al Ucrainei, \u201ea\u0219a cum deseori au f\u0103cut predecesorii s\u0103i, pentru a discuta \u00eentreaga gam\u0103 de probleme bilaterale ucraineano-transnistrene, precum \u0219i cele legate de procesul de negocieri \u00eentre Moldova \u0219i Transnistria\u201d.<\/p>\n<p>Dup\u0103 cum a informat anterior INFOTAG, Klimkin a declarat la briefing c\u0103 Transnistria trebuie s\u0103 fie parte integrat\u0103 a Republicii Moldova, iar trupele ruse\u0219ti s\u0103 fie retrase de pe teritoriul s\u0103u. \u201eCeea ce facem \u00een formatul \u201e5+2\u201d, ceea ce facem \u00een cadrul ONU este ca Transnistria s\u0103 devin\u0103 parte integrat\u0103 a Republicii Moldova. Aici totul este clar \u015fi \u00een sens politic, \u015fi \u00een sens economic, \u0219i \u00een sens mintal\u201d, a spus Klimkin.<\/p>\n<p>Sursa:\u00a0<a href=\"http:\/\/www.infotag.md\/rebelion-ro\/264444\/\">http:\/\/www.infotag.md\/<\/a><\/p>\n","protected":false},"excerpt":{"rendered":"<p>MAE al Transnistriei recomand\u0103 colegilor ucraineni \u201es\u0103 se ab\u0163in\u0103 de la comentarii tenden\u0163ioase \u015fi de la folosirea \u00een declara\u0163iile diplomatice a cli\u015feelor de propagand\u0103, care agraveaz\u0103 situa\u0163ia interac\u0163iunii \u00eentre cele dou\u0103 \u0163\u0103ri \u00een diferite domenii\u201d. Potrivit agen\u0163iei INFOTAG, despre aceasta se men\u0163ioneaz\u0103 \u00eentr-un comentariu al ministerului de externe al autoproclamatei RMN \u00een leg\u0103tur\u0103 cu declara\u0163iile&#8230;<\/p>\n","protected":false},"author":2,"featured_media":0,"comment_status":"closed","ping_status":"open","sticky":false,"template":"","format":"standard","meta":[],"categories":[1],"tags":[],"_links":{"self":[{"href":"https:\/\/centers.ulbsibiu.ro\/ccsprise\/lact\/wp-json\/wp\/v2\/posts\/5038"}],"collection":[{"href":"https:\/\/centers.ulbsibiu.ro\/ccsprise\/lact\/wp-json\/wp\/v2\/posts"}],"about":[{"href":"https:\/\/centers.ulbsibiu.ro\/ccsprise\/lact\/wp-json\/wp\/v2\/types\/post"}],"author":[{"embeddable":true,"href":"https:\/\/centers.ulbsibiu.ro\/ccsprise\/lact\/wp-json\/wp\/v2\/users\/2"}],"replies":[{"embeddable":true,"href":"https:\/\/centers.ulbsibiu.ro\/ccsprise\/lact\/wp-json\/wp\/v2\/comments?post=5038"}],"version-history":[{"count":1,"href":"https:\/\/centers.ulbsibiu.ro\/ccsprise\/lact\/wp-json\/wp\/v2\/posts\/5038\/revisions"}],"predecessor-version":[{"id":5039,"href":"https:\/\/centers.ulbsibiu.ro\/ccsprise\/lact\/wp-json\/wp\/v2\/posts\/5038\/revisions\/5039"}],"wp:attachment":[{"href":"https:\/\/centers.ulbsibiu.ro\/ccsprise\/lact\/wp-json\/wp\/v2\/media?parent=5038"}],"wp:term":[{"taxonomy":"category","embeddable":true,"href":"https:\/\/centers.ulbsibiu.ro\/ccsprise\/lact\/wp-json\/wp\/v2\/categories?post=5038"},{"taxonomy":"post_tag","embeddable":true,"href":"https:\/\/centers.ulbsibiu.ro\/ccsprise\/lact\/wp-json\/wp\/v2\/tags?post=5038"}],"curies":[{"name":"wp","href":"https:\/\/api.w.org\/{rel}","templated":true}]}}