{"id":5036,"date":"2018-06-28T19:17:19","date_gmt":"2018-06-28T17:17:19","guid":{"rendered":"https:\/\/centers.ulbsibiu.ro\/ccsprise\/lact\/?p=5036"},"modified":"2020-06-12T12:41:36","modified_gmt":"2020-06-12T10:41:36","slug":"europalibera-org-ion-leahu-se-fac-cedari-colosale-chisinaul-contribuie-la-consolidarea-statalitatii-transnistrene","status":"publish","type":"post","link":"https:\/\/centers.ulbsibiu.ro\/ccsprise\/lact\/europalibera-org-ion-leahu-se-fac-cedari-colosale-chisinaul-contribuie-la-consolidarea-statalitatii-transnistrene\/","title":{"rendered":"Europalibera.org &#8211; Ion Leahu: Se fac ced\u0103ri colosale. Chi\u0219in\u0103ul contribuie la consolidarea statalit\u0103\u021bii transnistrene"},"content":{"rendered":"<ul class=\"links__list links__list--column\">\n<li class=\"links__item\"><a class=\"links__item-link\" title=\"Valentina Ursu\" href=\"https:\/\/www.europalibera.org\/author\/20537.html\">Valentina Ursu<\/a><\/li>\n<\/ul>\n<div class=\"intro intro--bold\">\n<p>ONU a cerut retragerea trupelor ruse din Moldova. Ce va urma?<\/p>\n<\/div>\n<div id=\"article-content\" class=\"content-floated-wrap fb-quotable\">\n<div class=\"wsw\">\n<p><em>Adunarea General\u0103 a ONU a adoptat, vineri, 22 iunie, o rezolu\u021bie propus\u0103 de R. Moldova \u00een care Rusiei i se cere retragerea Grupului Operativ de Trupe Ruse din st\u00e2nga Nistrului. Ce va urma? Valentina Ursu l-a \u00eentrebat pe expertul Ion Leahu, fost membru al delega\u021biei moldovene \u00een Comisia Unificat\u0103 de Control ce supravegheaz\u0103 situa\u021bia din Zona de Securitate de la Nistru.<\/em><\/p>\n<p><strong>Ion Leahu:<\/strong> \u201eCel mai important moment este \u00eensu\u0219i faptul c\u0103 totu\u0219i s-a reu\u0219it, totu\u0219i p\u00e2n\u0103 la urm\u0103 s-a demonstrat prezen\u021ba voin\u021bei, prezen\u021ba unei dorin\u021be de a face aceea la ce noi mult timp am r\u00e2vnit, adic\u0103 a interna\u021bionaliza problema la cel mai \u00eenalt nivel al acestei no\u021biuni. De la adoptarea acestei rezolu\u021bii a ONU, urmeaz\u0103 ac\u021biuni. Dac\u0103 tu ai solicitat o asemenea decizie, \u00eenseamn\u0103 c\u0103 trebuie s\u0103 fii bun s\u0103 demonstrezi c\u0103 inten\u021biile \u021bi-au fost nobile \u0219i ai s\u0103 mergi mai departe tot at\u00e2t de consecvent cum ai apelat pe l\u00e2ng\u0103 ONU.\u201d<\/p>\n<p><strong>Europa Liber\u0103: Dar voin\u021ba politic\u0103 a Republicii Moldova nu e suficient\u0103, pentru c\u0103 trebuie s\u0103 existe o voin\u021b\u0103 politic\u0103 \u0219i din partea Federa\u021biei Ruse, \u021bara care urmeaz\u0103 s\u0103-\u0219i retrag\u0103 armata din st\u00e2nga Nistrului<\/strong><\/p>\n<p><strong>Ion Leahu:<\/strong> \u201eAsta de-acum este partea a doua a problemei. Trebuie s\u0103 fim con\u0219tien\u021bi de faptul c\u0103 noi n-o s\u0103 reu\u0219im s\u0103 convingem Rusia ca aceast\u0103 \u021bar\u0103 benevol s\u0103 realizeze hot\u0103r\u00e2rea Organiza\u021biei Na\u021biunilor Unite.\u201d<\/p>\n<p><strong>Europa Liber\u0103: Dar presiuni cum po\u021bi s\u0103 pui asupra Federa\u021biei Ruse?<\/strong><\/p>\n<p><strong>Ion Leahu:<\/strong> \u201ePresiuni se fac \u0219i o s\u0103 fie \u00eenc\u0103 mai multe, dac\u0103 noi eram \u00eenarma\u021bi cu aceast\u0103 decizie vreo zece ani \u00een urm\u0103, cum ar fi putut s\u0103 fie, iar pe l\u00e2ng\u0103 asta mai era \u00eenc\u0103 \u0219i hot\u0103r\u00e2rea unei cur\u021bi interna\u021bionale, la care ar fi apelat nu particularii, ca \u00een cazul Ila\u0219cu, dar statul, poate acum Rusia avea s\u0103 fie \u00een ghearele unor sanc\u021biuni mult mai dure dec\u00e2t acelea care sunt aplicate ast\u0103zi. Deci, altceva e clar c\u0103 nu poate s\u0103 fie, \u00eens\u0103 ni\u0219te sanc\u021biuni dure, f\u0103r\u0103 perspectiv\u0103 de a fi ridicate, asta\u2026 Vede\u021bi Coreea, oric\u00e2t de Coree a fost ea, \u0219i tot c\u00e2nd de-acum au str\u00e2ns-o din toate p\u0103r\u021bile, a reu\u0219it s\u0103 mearg\u0103 la \u00eent\u00e2mpinare.\u201d<\/p>\n<p>Interviul complet la\u00a0<a href=\"https:\/\/www.europalibera.org\/a\/ion-leahu-rezolutie-onu-retragere-trupe-ruse-moldova\/29321857.html\">https:\/\/www.europalibera.org\/<\/a><\/p>\n<\/div>\n<\/div>\n","protected":false},"excerpt":{"rendered":"<p>Valentina Ursu ONU a cerut retragerea trupelor ruse din Moldova. Ce va urma? Adunarea General\u0103 a ONU a adoptat, vineri, 22 iunie, o rezolu\u021bie propus\u0103 de R. Moldova \u00een care Rusiei i se cere retragerea Grupului Operativ de Trupe Ruse din st\u00e2nga Nistrului. Ce va urma? Valentina Ursu l-a \u00eentrebat pe expertul Ion Leahu, fost&#8230;<\/p>\n","protected":false},"author":2,"featured_media":0,"comment_status":"closed","ping_status":"open","sticky":false,"template":"","format":"standard","meta":[],"categories":[1],"tags":[],"_links":{"self":[{"href":"https:\/\/centers.ulbsibiu.ro\/ccsprise\/lact\/wp-json\/wp\/v2\/posts\/5036"}],"collection":[{"href":"https:\/\/centers.ulbsibiu.ro\/ccsprise\/lact\/wp-json\/wp\/v2\/posts"}],"about":[{"href":"https:\/\/centers.ulbsibiu.ro\/ccsprise\/lact\/wp-json\/wp\/v2\/types\/post"}],"author":[{"embeddable":true,"href":"https:\/\/centers.ulbsibiu.ro\/ccsprise\/lact\/wp-json\/wp\/v2\/users\/2"}],"replies":[{"embeddable":true,"href":"https:\/\/centers.ulbsibiu.ro\/ccsprise\/lact\/wp-json\/wp\/v2\/comments?post=5036"}],"version-history":[{"count":1,"href":"https:\/\/centers.ulbsibiu.ro\/ccsprise\/lact\/wp-json\/wp\/v2\/posts\/5036\/revisions"}],"predecessor-version":[{"id":5037,"href":"https:\/\/centers.ulbsibiu.ro\/ccsprise\/lact\/wp-json\/wp\/v2\/posts\/5036\/revisions\/5037"}],"wp:attachment":[{"href":"https:\/\/centers.ulbsibiu.ro\/ccsprise\/lact\/wp-json\/wp\/v2\/media?parent=5036"}],"wp:term":[{"taxonomy":"category","embeddable":true,"href":"https:\/\/centers.ulbsibiu.ro\/ccsprise\/lact\/wp-json\/wp\/v2\/categories?post=5036"},{"taxonomy":"post_tag","embeddable":true,"href":"https:\/\/centers.ulbsibiu.ro\/ccsprise\/lact\/wp-json\/wp\/v2\/tags?post=5036"}],"curies":[{"name":"wp","href":"https:\/\/api.w.org\/{rel}","templated":true}]}}