{"id":5034,"date":"2018-06-28T19:13:48","date_gmt":"2018-06-28T17:13:48","guid":{"rendered":"https:\/\/centers.ulbsibiu.ro\/ccsprise\/lact\/?p=5034"},"modified":"2018-06-28T19:13:48","modified_gmt":"2018-06-28T17:13:48","slug":"infotag-md-transnistria-este-atasata-principiilor-si-standardelor-in-domeniul-apararii-drepturilor-omului-seful-mae","status":"publish","type":"post","link":"https:\/\/centers.ulbsibiu.ro\/ccsprise\/lact\/infotag-md-transnistria-este-atasata-principiilor-si-standardelor-in-domeniul-apararii-drepturilor-omului-seful-mae\/","title":{"rendered":"Infotag.md &#8211; TRANSNISTRIA ESTE ATA\u015eAT\u0102 PRINCIPIILOR \u015eI STANDARDELOR \u00ceN DOMENIUL AP\u0102R\u0102RII DREPTURILOR OMULUI \u2013 \u015eEFUL MAE"},"content":{"rendered":"<p>Transnistria este ata\u015fat\u0103 principiilor \u015fi standardelor \u00een domeniul ap\u0103r\u0103rii drepturilor omului, a declarat ministrul afacerilor externe al autoproclamatei RMN, Vitalii Ignatiev, la \u00eentrevederea din ajun, la Tiraspol, cu raportorul special al ONU privind situa\u021bia ap\u0103r\u0103torilor drepturilor omului, Michel Forst.<\/p>\n<p>Potrivit agen\u0163iei INFOTAG cu referire la site-ul MAE al regiunii, Ignatiev a explicat c\u0103, \u201echiar \u0219i f\u0103r\u0103 o recunoa\u0219tere interna\u021bional\u0103 larg\u0103, Transnistria a implementat \u00een legisla\u021bia sa conceptele de baz\u0103 \u00een domeniul drepturilor omului\u201d.<\/p>\n<p>\u201e\u00cen republic\u0103 a fost creat un mecanism juridic special, prin care conceptele interna\u021bionale sunt recunoscute drept norme juridice pentru legisla\u021bia intern\u0103. \u00cen special, \u00een acest an, drept norm\u0103-cadru juridic\u0103 a fost adoptat\u0103 Conven\u021bia privind drepturile persoanelor cu dizabilit\u0103\u0163i\u201d, a spus el.<\/p>\n<p>Ignatiev a declarat c\u0103 recent \u00een Transnistria a venit din nou \u00een vizit\u0103 expertul superior al ONU pentru drepturile omului, Thomas Hammarberg, care a analizat dinamica realiz\u0103rii recomand\u0103rilor sale, propuse \u00een 2012-2013.<\/p>\n<p>\u201eInten\u021bion\u0103m s\u0103 continu\u0103m cooperarea cu ONU \u0219i s\u0103 o complet\u0103m cu con\u021binut practic\u201d, a asigurat el.<\/p>\n<p>Michel Forst \u0219i-a exprimat satisfac\u021bia fa\u021b\u0103 de raportul preliminar al lui Thomas Hammarberg privind rezultatele misiunii recente \u00een Transnistria, men\u021bion\u00e2nd \u201eo serie de pa\u015fi pozitivi \u00een baza recomand\u0103rilor f\u0103cute mai devreme\u201d.<\/p>\n<p>\u201eAceasta ar putea deveni baza pentru extinderea activit\u0103\u021bii \u00een domeniul drepturilor omului, inclusiv pentru protec\u021bia activi\u0219tilor pentru drepturile omului\u201d, a spus el.<\/p>\n<p>Sursa:\u00a0<a href=\"http:\/\/www.infotag.md\/rebelion-ro\/264499\/\">http:\/\/www.infotag.md\/<\/a><\/p>\n","protected":false},"excerpt":{"rendered":"<p>Transnistria este ata\u015fat\u0103 principiilor \u015fi standardelor \u00een domeniul ap\u0103r\u0103rii drepturilor omului, a declarat ministrul afacerilor externe al autoproclamatei RMN, Vitalii Ignatiev, la \u00eentrevederea din ajun, la Tiraspol, cu raportorul special al ONU privind situa\u021bia ap\u0103r\u0103torilor drepturilor omului, Michel Forst. Potrivit agen\u0163iei INFOTAG cu referire la site-ul MAE al regiunii, Ignatiev a explicat c\u0103, \u201echiar \u0219i&#8230;<\/p>\n","protected":false},"author":2,"featured_media":0,"comment_status":"closed","ping_status":"open","sticky":false,"template":"","format":"standard","meta":[],"categories":[1],"tags":[],"_links":{"self":[{"href":"https:\/\/centers.ulbsibiu.ro\/ccsprise\/lact\/wp-json\/wp\/v2\/posts\/5034"}],"collection":[{"href":"https:\/\/centers.ulbsibiu.ro\/ccsprise\/lact\/wp-json\/wp\/v2\/posts"}],"about":[{"href":"https:\/\/centers.ulbsibiu.ro\/ccsprise\/lact\/wp-json\/wp\/v2\/types\/post"}],"author":[{"embeddable":true,"href":"https:\/\/centers.ulbsibiu.ro\/ccsprise\/lact\/wp-json\/wp\/v2\/users\/2"}],"replies":[{"embeddable":true,"href":"https:\/\/centers.ulbsibiu.ro\/ccsprise\/lact\/wp-json\/wp\/v2\/comments?post=5034"}],"version-history":[{"count":1,"href":"https:\/\/centers.ulbsibiu.ro\/ccsprise\/lact\/wp-json\/wp\/v2\/posts\/5034\/revisions"}],"predecessor-version":[{"id":5035,"href":"https:\/\/centers.ulbsibiu.ro\/ccsprise\/lact\/wp-json\/wp\/v2\/posts\/5034\/revisions\/5035"}],"wp:attachment":[{"href":"https:\/\/centers.ulbsibiu.ro\/ccsprise\/lact\/wp-json\/wp\/v2\/media?parent=5034"}],"wp:term":[{"taxonomy":"category","embeddable":true,"href":"https:\/\/centers.ulbsibiu.ro\/ccsprise\/lact\/wp-json\/wp\/v2\/categories?post=5034"},{"taxonomy":"post_tag","embeddable":true,"href":"https:\/\/centers.ulbsibiu.ro\/ccsprise\/lact\/wp-json\/wp\/v2\/tags?post=5034"}],"curies":[{"name":"wp","href":"https:\/\/api.w.org\/{rel}","templated":true}]}}