{"id":5030,"date":"2018-06-27T14:09:32","date_gmt":"2018-06-27T12:09:32","guid":{"rendered":"https:\/\/centers.ulbsibiu.ro\/ccsprise\/lact\/?p=5030"},"modified":"2018-06-27T14:09:32","modified_gmt":"2018-06-27T12:09:32","slug":"tvrmoldova-md-rezolutia-onu-va-fi-folosita-ca-argument-in-negocierile-privind-rezolvarea-conflictului-transnistrean","status":"publish","type":"post","link":"https:\/\/centers.ulbsibiu.ro\/ccsprise\/lact\/tvrmoldova-md-rezolutia-onu-va-fi-folosita-ca-argument-in-negocierile-privind-rezolvarea-conflictului-transnistrean\/","title":{"rendered":"Tvrmoldova.md &#8211; Rezolu\u0163ia ONU va fi folosit\u0103 ca argument \u00een negocierile privind rezolvarea conflictului transnistrean"},"content":{"rendered":"<p class=\"digest\">Rezolu\u0163ia privind retragerea complet\u0103 \u015fi necondi\u0163ionat\u0103 a for\u0163elor militare str\u0103ine de pe teritoriul Republicii Moldova, votat\u0103 de Adunarea General\u0103 ONU la 22 iunie, are caracter mai mult politic, de aceea autorit\u0103\u0163ile de la Chi\u015fin\u0103u \u00een\u0163eleg perfect c\u0103 aceasta nu oblig\u0103 Federa\u0163ia Rus\u0103 s\u0103 o respecte. \u00cens\u0103 autorit\u0103\u0163ile au sim\u0163it necesitatea ca subiectul s\u0103 fie discutat la nivel \u00eenalt \u00eenc\u0103 \u00eencep\u00e2nd cu Summitul OSCE de la Istanbul.<\/p>\n<div class=\"content\">Declara\u0163ii \u00een acest sens a f\u0103cut \u015feful Direc\u0163iei OSCE \u015fi al Direc\u0163iei Securitate Interna\u0163ional\u0103 din cadrul MAEIE, Vasile Mircos, \u00een cadrul unei conferin\u0163e de pres\u0103 la Odesa, cu ocazia celei de-a 30-a reuniuni a Consiliului Consultativ al EUBAM, transmite IPN.<br \/>\nPotrivit lui Vasile Mircos, rezultatele Summitului de la Istanbul din anul 1999, unde Moscova\u00a0<em>s-a<\/em>\u00a0angajat\u00a0<em>s\u0103<\/em>\u00a0\u00ee\u015fi\u00a0<em>retrag\u0103<\/em>\u00a0armamentul \u015fi militarii de pe teritoriul Republicii Moldova, sunt egale cu zero. Astfel, autorit\u0103\u0163ile moldovene\u015fti prin respectiva rezolu\u0163ie au atras mai mult\u0103 sus\u0163inere \u015fi aten\u0163ie interna\u0163ional\u0103, pentru ca \u00een perspectiv\u0103 \u0163ara s\u0103-\u015fi ating\u0103 scopul.<br \/>\n\u201eDesigur, noi nu vrem s\u0103 stric\u0103m rela\u0163iile cu Federa\u0163ia Rus\u0103, deoarece aceasta oricum r\u0103m\u00e2ne un partener strategic pentru Republica Moldova, dar noi \u00eencerc\u0103m s\u0103 convingem Rusia s\u0103 ia \u00een considerare \u015fi interesele noastre\u201d. Cu toate c\u0103, \u00een perspectiv\u0103, dac\u0103 Rusia nu va \u00eentreprinde anumite ac\u0163iuni, decizia ONU va fi folosit\u0103 ca un argument \u00een dezbaterile \u015fi negocierile viitoare privind rezolvarea conflictului transnistrean.<br \/>\nOficialul consider\u0103 c\u0103 ceea ce s-a \u00eent\u00e2mplat la ONU este o mare realizare \u015fi un rezultat foarte important pentru Republica Moldova. \u201e\u015etiu c\u0103 acest lucru poate aduce cu el anumite greut\u0103\u0163i, anumite disonan\u0163e \u00een rela\u0163ia cu Rusia, dar nu neap\u0103rat. De ce? Deoarece principala idee a acestei rezolu\u0163ii este retragerea trupelor de pe teritoriul Republicii Moldova, este scopul pe care-l urm\u0103rim \u00eencep\u00e2nd cu acordul moldo-rus de \u00eencetare a focului din 1992\u201d.<br \/>\nVasile Mircos sus\u0163ine c\u0103 pentru a se vota rezolu\u0163ia au fost f\u0103cute mari eforturi diplomatice, iar discursul prim ministrului, Pavel Filip, la Adunarea General\u0103 a Organiza\u0163iei Na\u0163iunilor Unite din anul 2017 a constituit un fundament pentru a stabili noile priorit\u0103\u0163i \u00een atingerea obiectivului principal, adic\u0103 scoaterea armatei ruse de pe teritoriul Republicii Moldova.<br \/>\nDin punctul s\u0103u de vedere, rezolu\u0163ia ONU nu poate creea anumite complica\u0163ii pentru procesul de negocieri pentru reglementarea conflictului transnistrean. Autorit\u0103\u0163ile sunt optimiste \u00een privin\u0163a viitorului negocierilor pe subiectul reglement\u0103rii transnistrene, mai ales acum, c\u00e2nd Italia de\u0163ine pre\u015fedin\u0163ia OSCE.<br \/>\nMisiunea Uniunii Europene de Asisten\u0163a la Frontier\u0103 \u00een Moldova \u015fi Ucraina (EUBAM) a fost lansat\u0103 \u00een 2005 \u015fi promoveaz\u0103 controlul la frontier\u0103, normele \u015fi practicile vamale care corespund standardelor UE, r\u0103spunz\u00e2nd necesit\u0103\u0163ilor ambelor \u0163\u0103ri partenere. Activit\u0103\u0163ile EUBAM promoveaz\u0103 dezvoltarea economic\u0103 \u015fi consolideaz\u0103 securitatea \u00een regiune. Misiunea este un organ consultativ, tehnic, cu sediul la Odesa, Ucraina.<\/div>\n<div>Sursa:\u00a0<a href=\"http:\/\/tvrmoldova.md\/politic\/rezolutia-onu-va-fi-folosita-ca-argument-in-negocierile-privind-rezolvarea-conflictului-transnistrean\/\">http:\/\/tvrmoldova.md\/<\/a><\/div>\n","protected":false},"excerpt":{"rendered":"<p>Rezolu\u0163ia privind retragerea complet\u0103 \u015fi necondi\u0163ionat\u0103 a for\u0163elor militare str\u0103ine de pe teritoriul Republicii Moldova, votat\u0103 de Adunarea General\u0103 ONU la 22 iunie, are caracter mai mult politic, de aceea autorit\u0103\u0163ile de la Chi\u015fin\u0103u \u00een\u0163eleg perfect c\u0103 aceasta nu oblig\u0103 Federa\u0163ia Rus\u0103 s\u0103 o respecte. \u00cens\u0103 autorit\u0103\u0163ile au sim\u0163it necesitatea ca subiectul s\u0103 fie discutat&#8230;<\/p>\n","protected":false},"author":2,"featured_media":0,"comment_status":"closed","ping_status":"open","sticky":false,"template":"","format":"standard","meta":[],"categories":[1],"tags":[],"_links":{"self":[{"href":"https:\/\/centers.ulbsibiu.ro\/ccsprise\/lact\/wp-json\/wp\/v2\/posts\/5030"}],"collection":[{"href":"https:\/\/centers.ulbsibiu.ro\/ccsprise\/lact\/wp-json\/wp\/v2\/posts"}],"about":[{"href":"https:\/\/centers.ulbsibiu.ro\/ccsprise\/lact\/wp-json\/wp\/v2\/types\/post"}],"author":[{"embeddable":true,"href":"https:\/\/centers.ulbsibiu.ro\/ccsprise\/lact\/wp-json\/wp\/v2\/users\/2"}],"replies":[{"embeddable":true,"href":"https:\/\/centers.ulbsibiu.ro\/ccsprise\/lact\/wp-json\/wp\/v2\/comments?post=5030"}],"version-history":[{"count":1,"href":"https:\/\/centers.ulbsibiu.ro\/ccsprise\/lact\/wp-json\/wp\/v2\/posts\/5030\/revisions"}],"predecessor-version":[{"id":5031,"href":"https:\/\/centers.ulbsibiu.ro\/ccsprise\/lact\/wp-json\/wp\/v2\/posts\/5030\/revisions\/5031"}],"wp:attachment":[{"href":"https:\/\/centers.ulbsibiu.ro\/ccsprise\/lact\/wp-json\/wp\/v2\/media?parent=5030"}],"wp:term":[{"taxonomy":"category","embeddable":true,"href":"https:\/\/centers.ulbsibiu.ro\/ccsprise\/lact\/wp-json\/wp\/v2\/categories?post=5030"},{"taxonomy":"post_tag","embeddable":true,"href":"https:\/\/centers.ulbsibiu.ro\/ccsprise\/lact\/wp-json\/wp\/v2\/tags?post=5030"}],"curies":[{"name":"wp","href":"https:\/\/api.w.org\/{rel}","templated":true}]}}