{"id":5027,"date":"2018-06-27T14:04:49","date_gmt":"2018-06-27T12:04:49","guid":{"rendered":"https:\/\/centers.ulbsibiu.ro\/ccsprise\/lact\/?p=5027"},"modified":"2018-06-27T14:04:49","modified_gmt":"2018-06-27T12:04:49","slug":"deschide-md-presedintele-ap-a-osce-s-a-dus-la-tiraspol-sa-discute-cu-separatistii-relatiile-moldo-transnistrene","status":"publish","type":"post","link":"https:\/\/centers.ulbsibiu.ro\/ccsprise\/lact\/deschide-md-presedintele-ap-a-osce-s-a-dus-la-tiraspol-sa-discute-cu-separatistii-relatiile-moldo-transnistrene\/","title":{"rendered":"Deschide.md &#8211; Pre\u015fedintele AP a OSCE s-a dus la Tiraspol s\u0103 discute cu separati\u0219tii rela\u021biile moldo-transnistrene"},"content":{"rendered":"<p>Author: Vasile Cojocari<\/p>\n<p>&nbsp;<\/p>\n<p>\u00cenc\u0103 un oficial OSCE \u00eei c\u00e2nt\u0103 Tiraspolului \u00een strun\u0103. Aflat, ieri, \u00een fieful regimului separatist din st\u00e2nga Nistrului, cu prilejul vizitei oficiale pe care o efectueaz\u0103 \u00een Republica Moldova, pre\u015fedinitele Adun\u0103rii Parlamentare a organiza\u0163iei amintite, George Tsereteli, i-a f\u0103cut lui Krasnoselski, de la obraz, declara\u0163ia c\u0103 este &#8220;bucuros de dispozi\u0163ia \u015fi tonul pe care l-am \u00eent\u00e2lnit aici&#8221;. \u015ei, ca s\u0103 fie tac\u00e2mul complet, n-a pregetat s\u0103 laude &#8220;abordarea constructiv\u0103&#8221; a secesioni\u015ftiilor, situ\u00e2ndu-se astfel \u00een contraponderea societ\u0103\u0163ii civile \u015fi exper\u0163ilor, care au o atitudine deloc entuziast\u0103 fa\u0163\u0103 de presta\u0163ia OSCE \u00een regiune.<\/p>\n<p>La Tiraspol, diploma\u021bii OSCE s-au v\u0103zut cu capul regimului separatist, Vadim Krasnoselski, \u0219i cu a\u0219a-zisul pre\u0219edinte al sovietului suprem, Alexandr \u015eerba.<\/p>\n<p>Tsereteli sus\u0163ine c\u0103 la Tiraspol l-a adus anume situa\u021bia din cadrul procesului de negocieri dintre Chi\u0219in\u0103u \u0219i Tiraspol.<\/p>\n<p>\u201eTema reglement\u0103rii conflictului moldo-transnistrean \u00eentotdeauna a fost prioritar\u0103 pe agenda noastr\u0103. Practic, nicio ie\u0219ire \u00een public, document ori rezolu\u021bie nu trece cu vederea subiectul respectiv. Rela\u021biile dintre Chi\u0219in\u0103u \u0219i Tiraspol este pricina vizitei noastre aici\u201d, le-a spus Tsereteli separati\u0219tilor.<\/p>\n<p>Diplomatul OSCE a discutat \u00een cadrul discu\u021biei cu \u0218erba despre implementarea celor cinci protocoale semnate cu Chi\u0219in\u0103ul la sf\u00e2r\u0219itul lui 2017.<\/p>\n<p>La \u00eentrevederea cu Krasnoselski, Tsereteli a spus c\u0103 a a\u0219teptat demult aceast\u0103 \u00eent\u00e2lnire.<\/p>\n<p>\u201eEu sunt bucuros de dispozi\u021bia \u0219i tonul pe care l-am \u00eent\u00e2lnit aici, precum \u0219i de abordarea voastr\u0103 constructiv\u0103 despre care noi cunoa\u0219tem foarte multe\u201d, a subliniat Tsereteli.<\/p>\n<p>Textul complet:\u00a0<a href=\"https:\/\/deschide.md\/ro\/stiri\/politic\/33096\/Pre\u015fedintele-AP-a-OSCE-s-a-dus-la-Tiraspol-s\u0103-discute-cu-separati\u0219tii-rela\u021biile-moldo-transnistrene.htm\">https:\/\/deschide.md\/<\/a><\/p>\n","protected":false},"excerpt":{"rendered":"<p>Author: Vasile Cojocari &nbsp; \u00cenc\u0103 un oficial OSCE \u00eei c\u00e2nt\u0103 Tiraspolului \u00een strun\u0103. Aflat, ieri, \u00een fieful regimului separatist din st\u00e2nga Nistrului, cu prilejul vizitei oficiale pe care o efectueaz\u0103 \u00een Republica Moldova, pre\u015fedinitele Adun\u0103rii Parlamentare a organiza\u0163iei amintite, George Tsereteli, i-a f\u0103cut lui Krasnoselski, de la obraz, declara\u0163ia c\u0103 este &#8220;bucuros de dispozi\u0163ia \u015fi&#8230;<\/p>\n","protected":false},"author":2,"featured_media":0,"comment_status":"closed","ping_status":"open","sticky":false,"template":"","format":"standard","meta":[],"categories":[1],"tags":[],"_links":{"self":[{"href":"https:\/\/centers.ulbsibiu.ro\/ccsprise\/lact\/wp-json\/wp\/v2\/posts\/5027"}],"collection":[{"href":"https:\/\/centers.ulbsibiu.ro\/ccsprise\/lact\/wp-json\/wp\/v2\/posts"}],"about":[{"href":"https:\/\/centers.ulbsibiu.ro\/ccsprise\/lact\/wp-json\/wp\/v2\/types\/post"}],"author":[{"embeddable":true,"href":"https:\/\/centers.ulbsibiu.ro\/ccsprise\/lact\/wp-json\/wp\/v2\/users\/2"}],"replies":[{"embeddable":true,"href":"https:\/\/centers.ulbsibiu.ro\/ccsprise\/lact\/wp-json\/wp\/v2\/comments?post=5027"}],"version-history":[{"count":2,"href":"https:\/\/centers.ulbsibiu.ro\/ccsprise\/lact\/wp-json\/wp\/v2\/posts\/5027\/revisions"}],"predecessor-version":[{"id":5029,"href":"https:\/\/centers.ulbsibiu.ro\/ccsprise\/lact\/wp-json\/wp\/v2\/posts\/5027\/revisions\/5029"}],"wp:attachment":[{"href":"https:\/\/centers.ulbsibiu.ro\/ccsprise\/lact\/wp-json\/wp\/v2\/media?parent=5027"}],"wp:term":[{"taxonomy":"category","embeddable":true,"href":"https:\/\/centers.ulbsibiu.ro\/ccsprise\/lact\/wp-json\/wp\/v2\/categories?post=5027"},{"taxonomy":"post_tag","embeddable":true,"href":"https:\/\/centers.ulbsibiu.ro\/ccsprise\/lact\/wp-json\/wp\/v2\/tags?post=5027"}],"curies":[{"name":"wp","href":"https:\/\/api.w.org\/{rel}","templated":true}]}}