{"id":5025,"date":"2018-06-27T13:57:19","date_gmt":"2018-06-27T11:57:19","guid":{"rendered":"https:\/\/centers.ulbsibiu.ro\/ccsprise\/lact\/?p=5025"},"modified":"2018-06-27T13:57:19","modified_gmt":"2018-06-27T11:57:19","slug":"gov-md-intrevederea-viceprim-ministrului-cristina-lesnic-cu-delegatia-adunarii-parlamentare-a-organizatiei-pentru-securitate-si-cooperare-in-europa","status":"publish","type":"post","link":"https:\/\/centers.ulbsibiu.ro\/ccsprise\/lact\/gov-md-intrevederea-viceprim-ministrului-cristina-lesnic-cu-delegatia-adunarii-parlamentare-a-organizatiei-pentru-securitate-si-cooperare-in-europa\/","title":{"rendered":"Gov.md &#8211; \u00centrevederea Viceprim-ministrului Cristina Lesnic cu delega\u021bia Adun\u0103rii Parlamentare a Organiza\u0163iei pentru Securitate \u015fi Cooperare \u00een Europa"},"content":{"rendered":"<p>Ast\u0103zi, 25 iunie curent, Vicepremierul Cristina Lesnic a avut o \u00eentrevedere cu delega\u021bia Adun\u0103rii Parlamentare a Organiza\u021biei pentru Securitate \u0219i Cooperare \u00een Europa (AP OSCE), condus\u0103 dePre\u0219edintele AP OSCE George Tsereteli (Georgia), membrul Grupului AP OSCE pentru Moldova. Din componen\u021ba delega\u021biei au f\u0103cut parte \u0219i Secretarul general al AP OSCE Roberto Montella (Republica Italian\u0103), consilierul Pre\u0219edintelui AP OSCE Loic Poulain, precum \u0219i \u0219eful Misiunii OSCE din Moldova Michael Scanlan.<\/p>\n<p>\u00cen debutul \u0219edin\u021bei Viceprim-ministrul Cristina Lesnic a oferit asigur\u0103ri c\u0103 Chi\u0219in\u0103ul are voin\u021b\u0103 politic\u0103 pentru a continua implementarea deciziilor protocolare deja semnate \u0219i pentru a men\u021bine \u00een continuare aceea\u0219i dinamic\u0103 pozitiv\u0103 \u00een cadrul negocierilor \u0219i a grupurilor de lucru sectoriale.<\/p>\n<p>Oficialii au discutat despre ultimele evolu\u021bii \u00een procesul de negocieri \u0219i implicit \u00een contextul implement\u0103rii priorit\u0103\u021bilor din a\u0219a-numitul pachet Berlin plus, punct\u00e2nd \u0219i m\u0103surile \u00eentreprinse \u00een vederea \u00eendeplinirii \u00een termenii stabili\u021bi a angajamentelor convenite \u00een Protocolul de la Roma din 29-30 mai 2018.<\/p>\n<p class=\"x-118119695msonormal\">A fost subliniat\u0103 dinamica \u0219i rezultatele concrete, \u00een contextul <em>Pre\u015fedin\u0163iei italiene \u00een OSCE, <\/em>livrate la nivelul exper\u021bilor de profil de pe ambele maluri ale Nistrului, precum \u0219i cu participarea reprezentan\u0163ilor politici \u00een procesul de negocieri pentru reglementarea transnistrean\u0103 din partea Chi\u0219in\u0103ului \u015fi Tiraspolului.<\/p>\n<p>Totodat\u0103, Viceprim-ministrul Cristina Lesnic a remarcat c\u0103 aprobarea Rezolu\u021biei Adun\u0103rii Generale a ONU \u201ePrivind retragerea complet\u0103 \u015fi necondi\u021bionat\u0103 a for\u0163elor militare str\u0103ine de pe teritoriul Republicii Moldova\u201d este un semnal puternic al comunit\u0103\u021bii interna\u021bionale.<\/p>\n<p>Nu au r\u0103mas f\u0103r\u0103 aten\u021bia cuvenit\u0103 nici incidentele recente din Zona de Securitate, Viceprim-ministrul Cristina Lesnic expun\u00e2nd detaliat situa\u021bia existent\u0103 la moment.<\/p>\n<p>La r\u00e2ndul s\u0103u, George Tsereteli, a apreciat rezultatele recente din cadrul procesului de negocieri \u0219i a dat asigur\u0103ri c\u0103 AP OSCE va sus\u021bine plenar Chi\u0219in\u0103ul \u00een avansarea dialogului cu Tiraspolul.<\/p>\n<p>Totodat\u0103, s-a efectuat un schimb de opinii \u00een vederea formul\u0103rii recomand\u0103rilor referitor la modul \u00een care AP OSCE ar putea contribui la \u00eembun\u0103t\u0103\u021birea activit\u0103\u021bii \u00een Moldova \u0219i sus\u021bine \u00een continuare dezvoltarea \u021b\u0103rii, precum \u0219i s-a discutat despre caracterul \u0219i natura conflictelor prelungite.<\/p>\n<p class=\"x-118119695msonormal\">Este de men\u021bionat c\u0103, ultima vizit\u0103 a Grupului AP OSCE pentru Moldova la Chi\u015fin\u0103u a avut loc \u00een martie 2017, iar AP OSCE\u00a0este constituit\u0103 din reprezentan\u021bii parlamentelor a 56 de \u0163\u0103ri.<\/p>\n<p>Sursa:\u00a0<a href=\"https:\/\/gov.md\/ro\/content\/intrevederea-viceprim-ministrului-cristina-lesnic-cu-delegatia-adunarii-parlamentare\">https:\/\/gov.md\/<\/a><\/p>\n","protected":false},"excerpt":{"rendered":"<p>Ast\u0103zi, 25 iunie curent, Vicepremierul Cristina Lesnic a avut o \u00eentrevedere cu delega\u021bia Adun\u0103rii Parlamentare a Organiza\u021biei pentru Securitate \u0219i Cooperare \u00een Europa (AP OSCE), condus\u0103 dePre\u0219edintele AP OSCE George Tsereteli (Georgia), membrul Grupului AP OSCE pentru Moldova. Din componen\u021ba delega\u021biei au f\u0103cut parte \u0219i Secretarul general al AP OSCE Roberto Montella (Republica Italian\u0103), consilierul&#8230;<\/p>\n","protected":false},"author":2,"featured_media":0,"comment_status":"closed","ping_status":"open","sticky":false,"template":"","format":"standard","meta":[],"categories":[1],"tags":[],"_links":{"self":[{"href":"https:\/\/centers.ulbsibiu.ro\/ccsprise\/lact\/wp-json\/wp\/v2\/posts\/5025"}],"collection":[{"href":"https:\/\/centers.ulbsibiu.ro\/ccsprise\/lact\/wp-json\/wp\/v2\/posts"}],"about":[{"href":"https:\/\/centers.ulbsibiu.ro\/ccsprise\/lact\/wp-json\/wp\/v2\/types\/post"}],"author":[{"embeddable":true,"href":"https:\/\/centers.ulbsibiu.ro\/ccsprise\/lact\/wp-json\/wp\/v2\/users\/2"}],"replies":[{"embeddable":true,"href":"https:\/\/centers.ulbsibiu.ro\/ccsprise\/lact\/wp-json\/wp\/v2\/comments?post=5025"}],"version-history":[{"count":1,"href":"https:\/\/centers.ulbsibiu.ro\/ccsprise\/lact\/wp-json\/wp\/v2\/posts\/5025\/revisions"}],"predecessor-version":[{"id":5026,"href":"https:\/\/centers.ulbsibiu.ro\/ccsprise\/lact\/wp-json\/wp\/v2\/posts\/5025\/revisions\/5026"}],"wp:attachment":[{"href":"https:\/\/centers.ulbsibiu.ro\/ccsprise\/lact\/wp-json\/wp\/v2\/media?parent=5025"}],"wp:term":[{"taxonomy":"category","embeddable":true,"href":"https:\/\/centers.ulbsibiu.ro\/ccsprise\/lact\/wp-json\/wp\/v2\/categories?post=5025"},{"taxonomy":"post_tag","embeddable":true,"href":"https:\/\/centers.ulbsibiu.ro\/ccsprise\/lact\/wp-json\/wp\/v2\/tags?post=5025"}],"curies":[{"name":"wp","href":"https:\/\/api.w.org\/{rel}","templated":true}]}}