{"id":5023,"date":"2018-06-26T17:36:45","date_gmt":"2018-06-26T15:36:45","guid":{"rendered":"https:\/\/centers.ulbsibiu.ro\/ccsprise\/lact\/?p=5023"},"modified":"2018-06-26T17:36:45","modified_gmt":"2018-06-26T15:36:45","slug":"publika-md-reactia-tiraspolului-in-cazul-blindatelor-vazute-in-stanga-nistrului-ce-spune-co-presedintele-cuc","status":"publish","type":"post","link":"https:\/\/centers.ulbsibiu.ro\/ccsprise\/lact\/publika-md-reactia-tiraspolului-in-cazul-blindatelor-vazute-in-stanga-nistrului-ce-spune-co-presedintele-cuc\/","title":{"rendered":"Publika.md &#8211; REAC\u0162IA Tiraspolului \u00een cazul blindatelor v\u0103zute \u00een st\u00e2nga Nistrului. Ce spune co-pre\u015fedintele CUC"},"content":{"rendered":"<p><strong>Reprezentan\u0163ii Tiraspolului la Comisia Unificat\u0103 de Control au venit cu o reac\u0163ie \u00een cazul blindatelor v\u0103zute s\u00e2mb\u0103t\u0103 pe traseul R\u00e2bni\u0163a-Tiraspol<\/strong>.<\/p>\n<p>Potrivit co-pre\u015fedintelui CUC, Oleg Beleacov, <strong>ma\u015finile reveneau \u00een loca\u0163ia unde sta\u0163ioneaz\u0103, iar situa\u0163ia nu este ceva ie\u015fit din comun.<\/strong><\/p>\n<p>Asta \u00een timp ce, <strong>autorit\u0103\u0163ile de la Chi\u015fin\u0103u s-au adresat la misiunea OSCE pentru a elucida circumstan\u0163ele acestui incident<\/strong>.<\/p>\n<p><strong>Premierul Pavel Filip \u015fi vicepremierul pentru Reintegrare, Cristina Lesnic, au calificat aceast\u0103 ac\u0163iune drept una \u00eengrijor\u0103toare<\/strong>.<\/p>\n<p>Un incident asem\u0103n\u0103tor a fost \u00eenregistrat \u00een data de 14 iunie pe traseul Tiraspol-R\u00e2bni\u021ba. Atunci, <strong>acolo au fost surprinse trei coloane de tehnic\u0103 militar\u0103<\/strong>.<\/p>\n<p>Autorit\u0103\u0163ile de la Chi\u015fin\u0103u spun c\u0103 aceste ac\u0163iuni \u00eencalc\u0103 \u00een\u021belegerile anterioare \u015fi, \u00een special, Acordul cu privire la principiile de reglementare pa\u0219nic\u0103 a conflictului armat din regiunea transnistrean\u0103.<\/p>\n<p>Cite\u0219te mai mult: <a href=\"https:\/\/www.publika.md\/reactia-tiraspolului-in-cazul-blindatelor-vazute-in-stanga-nistrului-ce-spune-co-presedintele-cuc_3010702.html#ixzz5JXvIw7tC\">https:\/\/www.publika.md\/reactia-tiraspolului-in-cazul-blindatelor-vazute-in-stanga-nistrului-ce-spune-co-presedintele-cuc_3010702.html#ixzz5JXvIw7tC<\/a><\/p>\n","protected":false},"excerpt":{"rendered":"<p>Reprezentan\u0163ii Tiraspolului la Comisia Unificat\u0103 de Control au venit cu o reac\u0163ie \u00een cazul blindatelor v\u0103zute s\u00e2mb\u0103t\u0103 pe traseul R\u00e2bni\u0163a-Tiraspol. Potrivit co-pre\u015fedintelui CUC, Oleg Beleacov, ma\u015finile reveneau \u00een loca\u0163ia unde sta\u0163ioneaz\u0103, iar situa\u0163ia nu este ceva ie\u015fit din comun. Asta \u00een timp ce, autorit\u0103\u0163ile de la Chi\u015fin\u0103u s-au adresat la misiunea OSCE pentru a elucida&#8230;<\/p>\n","protected":false},"author":2,"featured_media":0,"comment_status":"closed","ping_status":"open","sticky":false,"template":"","format":"standard","meta":[],"categories":[1],"tags":[],"_links":{"self":[{"href":"https:\/\/centers.ulbsibiu.ro\/ccsprise\/lact\/wp-json\/wp\/v2\/posts\/5023"}],"collection":[{"href":"https:\/\/centers.ulbsibiu.ro\/ccsprise\/lact\/wp-json\/wp\/v2\/posts"}],"about":[{"href":"https:\/\/centers.ulbsibiu.ro\/ccsprise\/lact\/wp-json\/wp\/v2\/types\/post"}],"author":[{"embeddable":true,"href":"https:\/\/centers.ulbsibiu.ro\/ccsprise\/lact\/wp-json\/wp\/v2\/users\/2"}],"replies":[{"embeddable":true,"href":"https:\/\/centers.ulbsibiu.ro\/ccsprise\/lact\/wp-json\/wp\/v2\/comments?post=5023"}],"version-history":[{"count":1,"href":"https:\/\/centers.ulbsibiu.ro\/ccsprise\/lact\/wp-json\/wp\/v2\/posts\/5023\/revisions"}],"predecessor-version":[{"id":5024,"href":"https:\/\/centers.ulbsibiu.ro\/ccsprise\/lact\/wp-json\/wp\/v2\/posts\/5023\/revisions\/5024"}],"wp:attachment":[{"href":"https:\/\/centers.ulbsibiu.ro\/ccsprise\/lact\/wp-json\/wp\/v2\/media?parent=5023"}],"wp:term":[{"taxonomy":"category","embeddable":true,"href":"https:\/\/centers.ulbsibiu.ro\/ccsprise\/lact\/wp-json\/wp\/v2\/categories?post=5023"},{"taxonomy":"post_tag","embeddable":true,"href":"https:\/\/centers.ulbsibiu.ro\/ccsprise\/lact\/wp-json\/wp\/v2\/tags?post=5023"}],"curies":[{"name":"wp","href":"https:\/\/api.w.org\/{rel}","templated":true}]}}