{"id":5005,"date":"2018-06-24T17:05:12","date_gmt":"2018-06-24T15:05:12","guid":{"rendered":"https:\/\/centers.ulbsibiu.ro\/ccsprise\/lact\/?p=5005"},"modified":"2018-06-24T17:05:12","modified_gmt":"2018-06-24T15:05:12","slug":"infotag-md-congresul-sua-a-inregistrat-o-rezolutie-in-sustinerea-moldovei-georgiei-si-ucrainei","status":"publish","type":"post","link":"https:\/\/centers.ulbsibiu.ro\/ccsprise\/lact\/infotag-md-congresul-sua-a-inregistrat-o-rezolutie-in-sustinerea-moldovei-georgiei-si-ucrainei\/","title":{"rendered":"Infotag.md &#8211; CONGRESUL SUA A \u00ceNREGISTRAT O REZOLU\u021aIE \u00ceN SUS\u021aINEREA MOLDOVEI, GEORGIEI \u0218I UCRAINEI"},"content":{"rendered":"<p>Statele Unite sus\u021bin integritatea teritorial\u0103 \u0219i suveranitatea politic\u0103 a Moldovei, Ucrainei \u0219i Georgiei, precum \u0219i reafirm\u0103 suportul pentru guvern\u0103rile alese democratic \u0219i oamenii din cele trei \u021b\u0103ri. Despre aceasta se men\u0163ioneaz\u0103 \u00eentr-o rezolu\u021bie \u00eenregistrat\u0103 \u00een Congresul SUA.<\/p>\n<p>Potrivit agen\u0163iei INFOTAG cu referire la un comunicat al serviciului de pres\u0103 al Guvernului, Documentul stipuleaz\u0103 angajamentul SUA de a sus\u021bine cele trei state pe parcursul integr\u0103rii europene, asigurarea securit\u0103\u021bii energetice \u0219i intensificarea cooper\u0103rii comerciale.<\/p>\n<p>Totodat\u0103, rezolu\u021bia condamn\u0103 agresiunea rus\u0103 \u00een regiune \u0219i cere retragerea trupelor \u0219i muni\u021biilor Federa\u021biei Ruse, ilegal aflate pe teritoriul celor trei state. Documentul cheam\u0103 alia\u021bii din Europa \u0219i ONU s\u0103 pun\u0103 presiune \u00een continuare pe Guvernul Federa\u021biei Ruse pentru ca aceast\u0103 s\u0103-\u0219i respecte angajamentele interna\u021bionale.<\/p>\n<p>Rezolu\u021bia \u00eenregistrat\u0103 \u00een Congresul SUA face apel c\u0103tre Departamentul de Stat pentru dialog deplin \u0219i activ \u00eempotriva imixiunii Federa\u021biei Ruse \u00een procesele democratice ale celor trei na\u021biuni suverane.<\/p>\n<p>Textul integral al documentului poate fi consultat aici <a href=\"https:\/\/www.congress.gov\/bill\/115th-congress\/house-resolution\/955\/text?q=%7B%22search%22%3A%5B%22h.res.+955%22%5D%7D&amp;r=1\">https:\/\/www.congress.gov\/bill\/115th-congress\/house-resolution\/955\/text?q=%7B%22search%22%3A%5B%22h.res.+955%22%5D%7D&amp;r=1<\/a> .<\/p>\n<p>Sursa:\u00a0<a href=\"http:\/\/www.infotag.md\/politics-ro\/264210\/\">http:\/\/www.infotag.md\/<\/a><\/p>\n","protected":false},"excerpt":{"rendered":"<p>Statele Unite sus\u021bin integritatea teritorial\u0103 \u0219i suveranitatea politic\u0103 a Moldovei, Ucrainei \u0219i Georgiei, precum \u0219i reafirm\u0103 suportul pentru guvern\u0103rile alese democratic \u0219i oamenii din cele trei \u021b\u0103ri. Despre aceasta se men\u0163ioneaz\u0103 \u00eentr-o rezolu\u021bie \u00eenregistrat\u0103 \u00een Congresul SUA. Potrivit agen\u0163iei INFOTAG cu referire la un comunicat al serviciului de pres\u0103 al Guvernului, Documentul stipuleaz\u0103 angajamentul SUA&#8230;<\/p>\n","protected":false},"author":2,"featured_media":0,"comment_status":"closed","ping_status":"open","sticky":false,"template":"","format":"standard","meta":[],"categories":[1],"tags":[],"_links":{"self":[{"href":"https:\/\/centers.ulbsibiu.ro\/ccsprise\/lact\/wp-json\/wp\/v2\/posts\/5005"}],"collection":[{"href":"https:\/\/centers.ulbsibiu.ro\/ccsprise\/lact\/wp-json\/wp\/v2\/posts"}],"about":[{"href":"https:\/\/centers.ulbsibiu.ro\/ccsprise\/lact\/wp-json\/wp\/v2\/types\/post"}],"author":[{"embeddable":true,"href":"https:\/\/centers.ulbsibiu.ro\/ccsprise\/lact\/wp-json\/wp\/v2\/users\/2"}],"replies":[{"embeddable":true,"href":"https:\/\/centers.ulbsibiu.ro\/ccsprise\/lact\/wp-json\/wp\/v2\/comments?post=5005"}],"version-history":[{"count":1,"href":"https:\/\/centers.ulbsibiu.ro\/ccsprise\/lact\/wp-json\/wp\/v2\/posts\/5005\/revisions"}],"predecessor-version":[{"id":5006,"href":"https:\/\/centers.ulbsibiu.ro\/ccsprise\/lact\/wp-json\/wp\/v2\/posts\/5005\/revisions\/5006"}],"wp:attachment":[{"href":"https:\/\/centers.ulbsibiu.ro\/ccsprise\/lact\/wp-json\/wp\/v2\/media?parent=5005"}],"wp:term":[{"taxonomy":"category","embeddable":true,"href":"https:\/\/centers.ulbsibiu.ro\/ccsprise\/lact\/wp-json\/wp\/v2\/categories?post=5005"},{"taxonomy":"post_tag","embeddable":true,"href":"https:\/\/centers.ulbsibiu.ro\/ccsprise\/lact\/wp-json\/wp\/v2\/tags?post=5005"}],"curies":[{"name":"wp","href":"https:\/\/api.w.org\/{rel}","templated":true}]}}