{"id":5000,"date":"2018-06-24T16:53:10","date_gmt":"2018-06-24T14:53:10","guid":{"rendered":"https:\/\/centers.ulbsibiu.ro\/ccsprise\/lact\/?p=5000"},"modified":"2018-06-24T16:53:10","modified_gmt":"2018-06-24T14:53:10","slug":"dw-com-rusia-si-a-scos-blindatele-pe-strazi-in-transnistria-dupa-rezolutia-onu","status":"publish","type":"post","link":"https:\/\/centers.ulbsibiu.ro\/ccsprise\/lact\/dw-com-rusia-si-a-scos-blindatele-pe-strazi-in-transnistria-dupa-rezolutia-onu\/","title":{"rendered":"Dw.com &#8211; Rusia \u0219i-a scos blindatele pe str\u0103zi, \u00een Transnistria, dup\u0103 Rezolu\u021bia ONU"},"content":{"rendered":"<p>Rusia for\u021beaz\u0103 nota \u00een Republica Moldova dup\u0103 ce Adunarea General\u0103 a ONU a votat, vineri, 22 iunie, la solicitarea Chi\u0219in\u0103ului, o rezolu\u021bie privind retragerea trupelor ruse\u0219ti de pe teritoriul \u021b\u0103rii.<\/p>\n<p>Guvernul de la Chi\u0219in\u0103u a acuzat militarii ru\u0219i, disloca\u021bi \u00een regiunea separatist\u0103 transnistrean\u0103, de \u00eenc\u0103lcarea Acordului moldo-rus de \u00eencetare a focului din 1992, dup\u0103 ce o coloan\u0103 de blindate (aproximativ 40 de unit\u0103\u021bi ), f\u0103r\u0103 semne distinctive \u0219i f\u0103r\u0103 numere de \u00eenmatriculare, a fost filmat\u0103 deplas\u00e2ndu-se pe traseul R\u00e2bni\u021ba-Tiraspol de la depozitele ruse\u0219ti cu armament de la Cobasna. Mai mult, acestea au ignorat soma\u021bia observatorilor militari de a se opri. Nu se \u0219tie ce transportau blindatele respective.<\/p>\n<p><strong>CUC: Ma\u0219inile militare apar\u021bin \u201eGOTR\u201d<\/strong><\/p>\n<p>Potrivit delega\u021biei Chi\u0219in\u0103ului \u00een Comisia Unificat\u0103 de Control, tehnica militar\u0103 apar\u021bine Grupului Operativ de Trupe Ruse (GOTR) \u0219i s-a deplasat neautorizat spre depozitul de muni\u021bii de la Cobasna (R\u00e2bni\u021ba), \u00eenso\u021bite de automobile speciale ale structurilor transnistrene de mili\u021bie. Reprezentan\u021bii Federa\u021biei Ruse au explicat ulterior c\u0103 aceast\u0103 mi\u0219care prin necesitatea \u00eent\u0103ririi pazei depozitului de armament de la Cobasna \u201eca urmare a indica\u021biilor primite de la conducerea Ministerului rus al Ap\u0103r\u0103rii, \u00een contextul unor eventuale acte de terorism \u0219i provoc\u0103ri posibile \u00een perioada Campionatului Mondial la Fotbal\u201d.<\/p>\n<p>La insisten\u021ba p\u0103r\u021bii moldovene\u0219ti, la fa\u021ba locului s-au prezentat reprezentan\u021bii Misiunii OSCE \u00een Moldova, care au fixat deplasarea a 4 blindate URAL \u0219i a unei unit\u0103\u021bi auto de inspec\u021bie militar\u0103. La solicitarea observatorilor militari de a opri blindatele, pentru efectuarea controlului regulamentar, acestea \u0219i-au continuat drumul.<\/p>\n<p>Delega\u021bia Republicii Moldova \u00een Comisia Unificat\u0103 de Control \u201eeste puternic alarmat\u0103 \u00een leg\u0103tur\u0103 cu aceste ac\u021biuni cu caracter provocator \u0219i \u00eenc\u0103lcarea flagrant\u0103 de c\u0103tre militarii Federa\u021biei Ruse a regimului Zonei de Securitate, implicit a Acordului moldo\u2013rus din 21 iulie 1992\u201d.<\/p>\n<p><strong>Precizarea lui Filip: \u201eRezolu\u021bia se refer\u0103 la militarii GOTR, nu la pacificatorii ru\u0219i\u201d<\/strong><\/p>\n<p>\u201e&#8230;Tehnica militar\u0103 \u0219i muni\u021biile r\u0103mase de la fosta Armat\u0103 a 14-a reprezint\u0103 o amenin\u021bare direct\u0103 la adresa suveranit\u0103\u021bii \u0219i integrit\u0103\u021bii teritoriale a Republicii Moldova, cre\u00e2nd noi tensiuni \u00een regiune \u00een contextul crizei din Ucraina\u201d, a reac\u021bionat premierul moldovean Pavel Filip. Potrivit lui, prin aprobarea rezolu\u021biei ONU (cu votul a 64 de state) privind evacuarea trupelor ruse de pe teritoriul Republicii Moldova, Chi\u0219in\u0103ul s-a asigurat c\u0103 acest subiect va r\u0103m\u00e2ne pe agenda Adun\u0103rii Generale a ONU \u201ep\u00e2n\u0103 c\u00e2nd ultimul soldat rus va p\u0103r\u0103si teritoriul Moldovei\u201d.<\/p>\n<p>Premierul moldovean a precizat c\u0103 documentul votat de ONU se refer\u0103 strict la retragerea militarilor Grupului Operativ de Trupe Ruse (GOTR) (care se afl\u0103 ilegal pe teritoriul Republicii Moldova), nu \u0219i la pacificatorii ru\u0219i disloca\u021bi \u00een regiunea transnistrean\u0103 (\u00een conformitate cu prevederile Acordului moldo-rus de \u00eencetare a focului din 1992).<\/p>\n<p><strong>Exper\u021bi: Este o rezolu\u021bie simbolic\u0103<\/strong><\/p>\n<p>\u00cen opinia exper\u021bilor, Rezolu\u021bia ONU viz\u00e2nd Moldova este una simbolic\u0103. Fostul ambasador al Moldovei la ONU, Vlad Lupan, aten\u021bioneaz\u0103 c\u0103 aceasta nu impune nici un fel de termeni exac\u021bi Rusiei pentru evacuarea militarilor \u0219i nici m\u0103car nu stabile\u0219te \u00eenceperea unor discu\u021bii viz\u00e2nd \u00eenlocuirea misiunii ruse\u0219ti de pacificare. Asta de\u0219i, la nivel de retoric\u0103, premierul a reiterat, dup\u0103 aprobarea Rezolu\u021biei, c\u0103 \u201emisiunea militar\u0103 de pacificatori ar trebui s\u0103 fie \u00eenlocuit\u0103 cu o misiune interna\u021bional\u0103 civil\u0103, pentru c\u0103 \u0219i-a epuizat mandatul\u201d.<\/p>\n<p>La r\u00e2ndul s\u0103u, fostul ambasador al Moldovei la Washington, Igor Munteanu, consider\u0103 c\u0103 Rezolu\u021bia ONU este un succes &#8211; nu \u0219i o victorie pentru Moldova: \u201eRepublica Moldova nu-\u015fi poate rezolva problema legat\u0103 de enclava separatist\u0103 doar prin rezolu\u0163ii \u015fi de la tribunele unor organiza\u0163ii interna\u0163ionale. Trebuie s\u0103 cre\u0103m politici \u015fi mecanisme interne prin care s\u0103 schimb\u0103 situa\u0163ia intern\u0103\u201d, spune Munteanu.<\/p>\n<p>Asta \u00een timp ce \u0219eful diploma\u021biei de la Chi\u0219in\u0103u, Tudor Ulianovschi, sus\u021bine c\u0103 Rezolu\u021bia ONU viz\u00e2nd Moldova \u201edemonstreaz\u0103 c\u0103 diferendul transnistrean nu este o situa\u0163ie intern\u0103, ci o \u00eenc\u0103lcare a dreptului interna\u0163ional de c\u0103tre o \u0163ar\u0103 ter\u0163\u0103 care men\u0163ine trupe pe teritoriul nostru suveran f\u0103r\u0103 ca noi s\u0103 fim de acord cu acest lucru\u201d.<\/p>\n<p>Rusia \u0219i regimul separatist de la Tiraspol au reac\u021bionat. Potrivit unui comunicat al MAE rus, \u201eadoptarea acestei rezolu\u0163ii risc\u0103 s\u0103 submineze progresele fragile care s-au profilat \u00een ultimele luni&#8221; \u00een ceea ce prive\u015fte reglementarea conflictului transnistrean. \u201eNumero\u015fi oameni politici, nu doar de la Chi\u015fin\u0103u, au uitat deja c\u0103 doar gra\u0163ie interven\u0163iei oportune a trupelor ruse s-a putut pune cap\u0103t curgerii de s\u00e2nge la Nistru\u201d, mai men\u021bioneaz\u0103 diploma\u021bia rus\u0103. Moscova consider\u0103 aceast\u0103 rezolu\u021bie \u201eo provocare\u201d din partea Republicii Moldova &#8211;\u00a0\u201eun demers f\u0103\u0163i\u015f de propagand\u0103\u201d prin care \u201eunii politicieni moldoveni sper\u0103 s\u0103 c\u00e2\u015ftige popularitate \u00een perspectiva alegerilor parlamentare\u201d din toamn\u0103.<\/p>\n<p><strong>Separati\u0219tii spun c\u0103 nu exist\u0103 militari GOTR \u00een Transnistria<\/strong><\/p>\n<p>Aproximativ la fel a reac\u021bionat \u0219i administra\u021bia separatist\u0103 de la Tiraspol. Potrivit unei declara\u021bii a pretinsului \u201eminister de externe\u201d din regiune, \u201emilitarii ru\u0219i asigur\u0103 pacea \u0219i securitatea\u201d \u00een regiunea transnistrean\u0103, iar retragerea lor nu poate fi decis\u0103 f\u0103r\u0103 consim\u021b\u0103m\u00e2ntul autorit\u0103\u021bilor din regiune. \u00cen declara\u021bia citat\u0103, administra\u021bia separatist\u0103 de la Tiraspol men\u021bioneaz\u0103 c\u0103 \u201emilitarii ru\u0219i din Transnistria \u00eendeplinesc exclusiv sarcini de asigurare a p\u0103cii \u0219i securit\u0103\u021bii durabile\u201d \u0219i c\u0103 \u201enu exist\u0103 alte for\u021be armate ruse, altele dec\u00e2t cele de men\u021binere a p\u0103cii pe teritoriul Transnistriei\u201d.<\/p>\n<p>Pe de alt\u0103 parte, Ministerul Afacerilor Externe de la Bucure\u0219ti a salutat adoptarea Rezolu\u0163iei ONU privind retragerea trupelor militare str\u0103ine de pe teritoriul Republicii Moldova.<\/p>\n<p>La dou\u0103 zile de la adoptarea rezolu\u021biei, o delega\u021bie a Adun\u0103rii Parlamentare a Organiza\u0163iei pentru Securitate \u015fi Cooperare \u00een Europa (AP OSCE), cu rol de mediator \u00een conflictul transnistrean, a venit la Chi\u0219in\u0103u. Din componen\u021ba delega\u021biei conduse de pre\u0219edintele AP OSCE, George Tsereteli (Georgia), fac parte secretarul general al AP OSCE, Roberto Montella (Italia) \u0219i consilierul pre\u0219edintelui AP OSCE, Loic Poulain. Membrii delega\u021biei vor efectua o vizit\u0103 \u0219i la Tiraspol.<\/p>\n<p>Sursa:\u00a0<a href=\"http:\/\/www.dw.com\/ro\/rusia-\u0219i-a-scos-blindatele-pe-str\u0103zi-\u00een-transnistria-dup\u0103-rezolu\u021bia-onu\/a-44370949\">http:\/\/www.dw.com\/<\/a><\/p>\n","protected":false},"excerpt":{"rendered":"<p>Rusia for\u021beaz\u0103 nota \u00een Republica Moldova dup\u0103 ce Adunarea General\u0103 a ONU a votat, vineri, 22 iunie, la solicitarea Chi\u0219in\u0103ului, o rezolu\u021bie privind retragerea trupelor ruse\u0219ti de pe teritoriul \u021b\u0103rii. Guvernul de la Chi\u0219in\u0103u a acuzat militarii ru\u0219i, disloca\u021bi \u00een regiunea separatist\u0103 transnistrean\u0103, de \u00eenc\u0103lcarea Acordului moldo-rus de \u00eencetare a focului din 1992, dup\u0103 ce&#8230;<\/p>\n","protected":false},"author":2,"featured_media":0,"comment_status":"closed","ping_status":"open","sticky":false,"template":"","format":"standard","meta":[],"categories":[1],"tags":[],"_links":{"self":[{"href":"https:\/\/centers.ulbsibiu.ro\/ccsprise\/lact\/wp-json\/wp\/v2\/posts\/5000"}],"collection":[{"href":"https:\/\/centers.ulbsibiu.ro\/ccsprise\/lact\/wp-json\/wp\/v2\/posts"}],"about":[{"href":"https:\/\/centers.ulbsibiu.ro\/ccsprise\/lact\/wp-json\/wp\/v2\/types\/post"}],"author":[{"embeddable":true,"href":"https:\/\/centers.ulbsibiu.ro\/ccsprise\/lact\/wp-json\/wp\/v2\/users\/2"}],"replies":[{"embeddable":true,"href":"https:\/\/centers.ulbsibiu.ro\/ccsprise\/lact\/wp-json\/wp\/v2\/comments?post=5000"}],"version-history":[{"count":1,"href":"https:\/\/centers.ulbsibiu.ro\/ccsprise\/lact\/wp-json\/wp\/v2\/posts\/5000\/revisions"}],"predecessor-version":[{"id":5001,"href":"https:\/\/centers.ulbsibiu.ro\/ccsprise\/lact\/wp-json\/wp\/v2\/posts\/5000\/revisions\/5001"}],"wp:attachment":[{"href":"https:\/\/centers.ulbsibiu.ro\/ccsprise\/lact\/wp-json\/wp\/v2\/media?parent=5000"}],"wp:term":[{"taxonomy":"category","embeddable":true,"href":"https:\/\/centers.ulbsibiu.ro\/ccsprise\/lact\/wp-json\/wp\/v2\/categories?post=5000"},{"taxonomy":"post_tag","embeddable":true,"href":"https:\/\/centers.ulbsibiu.ro\/ccsprise\/lact\/wp-json\/wp\/v2\/tags?post=5000"}],"curies":[{"name":"wp","href":"https:\/\/api.w.org\/{rel}","templated":true}]}}