{"id":4998,"date":"2018-06-24T16:50:58","date_gmt":"2018-06-24T14:50:58","guid":{"rendered":"https:\/\/centers.ulbsibiu.ro\/ccsprise\/lact\/?p=4998"},"modified":"2018-06-24T16:50:58","modified_gmt":"2018-06-24T14:50:58","slug":"tv8-md-autoritatile-din-transnistria-neaga-prezenta-militarilor-rusi-si-califica-demersul-moldovei-drept-un-esec","status":"publish","type":"post","link":"https:\/\/centers.ulbsibiu.ro\/ccsprise\/lact\/tv8-md-autoritatile-din-transnistria-neaga-prezenta-militarilor-rusi-si-califica-demersul-moldovei-drept-un-esec\/","title":{"rendered":"Tv8.md &#8211; Autorit\u0103\u021bile din Transnistria neag\u0103 prezen\u021ba militarilor ru\u0219i \u0219i calific\u0103 demersul Moldovei drept un e\u0219ec"},"content":{"rendered":"<p class=\"post-subtitle\">Militarii ru\u0219i \u201easigur\u0103 pacea \u0219i securitatea&#8221; pe teritoriul Transnistriei, iar decizia de retragere a acestora nu poate fi luat\u0103 f\u0103r\u0103 consim\u021b\u0103m\u00e2ntul autorit\u0103\u021bilor din regiune. Despre acest lucru se arat\u0103 \u00eentr-o <a href=\"http:\/\/mfa-pmr.org\/ru\/Lxj\" target=\"_blank\" rel=\"noopener\">declara\u021bie<\/a> al a\u0219a zisului minister de externe din regiune.<\/p>\n<p>\u00cen acest mod, Transnistria a r\u0103spuns la rezolu\u021bia adoptat\u0103 de Adunarea General\u0103 a ONU la 22 iunie privind \u201eretragerea complet\u0103 \u0219i necondi\u021bionat\u0103 a for\u021belor militare str\u0103ine de pe teritoriul Republicii Moldova\u201d. \u00cen declara\u021bie se men\u021bioneaz\u0103 c\u0103 autorii documentului sunt R. Moldova \u2013 o parte a conflictului \u0219i a unei \u021b\u0103ri membre a opera\u021biunii de men\u021binere a p\u0103cii pe Nistru.<\/p>\n<p>Totodat\u0103, a\u0219a zisul minister al afacerilor externe din regiune \u201esubliniaz\u0103 c\u0103 militarii ru\u0219i din transnistria \u00eendeplinesc exclusiv sarcini pentru asigurarea p\u0103cii \u0219i securit\u0103\u021bii durabile \u0219i c\u0103 nu exist\u0103 alte for\u021be armate ruse, altele dec\u00e2t for\u021bele de men\u021binere a p\u0103cii, pe teritoriul transnistriei\u201d.<\/p>\n<p>\u00cen declara\u021bie se mai spune c\u0103 prezen\u021ba contingentului de men\u021binere a p\u0103cii al Federa\u021biei Ruse \u201eeste fixat \u0219i reglementat de documentele de baz\u0103 privind solu\u021bionarea conflictului armat\u201d, iar astfel de demersuri din partea Republicii Moldova \u201ecu utilizarea unor organiza\u021bii interna\u021bionale autoritare sunt \u00een mod evident condamnate la e\u0219ec \u0219i introduc tensiuni suplimentare \u00een rela\u021biile participan\u021bilor la procesul de negociere\u201d.<\/p>\n<p>Astfel, administra\u021ba din regiune declar\u0103 \u201e\u00een mod responsabil\u201d c\u0103 nu poate fi luat\u0103 nicio decizie de modificare a form\u0103rii unei opera\u021biuni de men\u021binere a p\u0103cii sub auspiciile Rusiei f\u0103r\u0103 a \u021bine seama de opinia Transnistriei.<\/p>\n<p>Textul complet:\u00a0<a href=\"http:\/\/tv8.md\/2018\/06\/24\/autoritatile-din-transnistria-neaga-prezenta-militarilor-rusi-si-califica-demersul-moldovei-drept-un-esec\/\">http:\/\/tv8.md\/<\/a><\/p>\n","protected":false},"excerpt":{"rendered":"<p>Militarii ru\u0219i \u201easigur\u0103 pacea \u0219i securitatea&#8221; pe teritoriul Transnistriei, iar decizia de retragere a acestora nu poate fi luat\u0103 f\u0103r\u0103 consim\u021b\u0103m\u00e2ntul autorit\u0103\u021bilor din regiune. Despre acest lucru se arat\u0103 \u00eentr-o declara\u021bie al a\u0219a zisului minister de externe din regiune. \u00cen acest mod, Transnistria a r\u0103spuns la rezolu\u021bia adoptat\u0103 de Adunarea General\u0103 a ONU la 22&#8230;<\/p>\n","protected":false},"author":2,"featured_media":0,"comment_status":"closed","ping_status":"open","sticky":false,"template":"","format":"standard","meta":[],"categories":[1],"tags":[],"_links":{"self":[{"href":"https:\/\/centers.ulbsibiu.ro\/ccsprise\/lact\/wp-json\/wp\/v2\/posts\/4998"}],"collection":[{"href":"https:\/\/centers.ulbsibiu.ro\/ccsprise\/lact\/wp-json\/wp\/v2\/posts"}],"about":[{"href":"https:\/\/centers.ulbsibiu.ro\/ccsprise\/lact\/wp-json\/wp\/v2\/types\/post"}],"author":[{"embeddable":true,"href":"https:\/\/centers.ulbsibiu.ro\/ccsprise\/lact\/wp-json\/wp\/v2\/users\/2"}],"replies":[{"embeddable":true,"href":"https:\/\/centers.ulbsibiu.ro\/ccsprise\/lact\/wp-json\/wp\/v2\/comments?post=4998"}],"version-history":[{"count":1,"href":"https:\/\/centers.ulbsibiu.ro\/ccsprise\/lact\/wp-json\/wp\/v2\/posts\/4998\/revisions"}],"predecessor-version":[{"id":4999,"href":"https:\/\/centers.ulbsibiu.ro\/ccsprise\/lact\/wp-json\/wp\/v2\/posts\/4998\/revisions\/4999"}],"wp:attachment":[{"href":"https:\/\/centers.ulbsibiu.ro\/ccsprise\/lact\/wp-json\/wp\/v2\/media?parent=4998"}],"wp:term":[{"taxonomy":"category","embeddable":true,"href":"https:\/\/centers.ulbsibiu.ro\/ccsprise\/lact\/wp-json\/wp\/v2\/categories?post=4998"},{"taxonomy":"post_tag","embeddable":true,"href":"https:\/\/centers.ulbsibiu.ro\/ccsprise\/lact\/wp-json\/wp\/v2\/tags?post=4998"}],"curies":[{"name":"wp","href":"https:\/\/api.w.org\/{rel}","templated":true}]}}