{"id":4994,"date":"2018-06-23T19:05:33","date_gmt":"2018-06-23T17:05:33","guid":{"rendered":"https:\/\/centers.ulbsibiu.ro\/ccsprise\/lact\/?p=4994"},"modified":"2018-06-23T19:05:33","modified_gmt":"2018-06-23T17:05:33","slug":"sputnik-md-cristina-lesnic-nu-exista-o-strategie-de-reintegrare-a-tarii-aprobata-de-guvern","status":"publish","type":"post","link":"https:\/\/centers.ulbsibiu.ro\/ccsprise\/lact\/sputnik-md-cristina-lesnic-nu-exista-o-strategie-de-reintegrare-a-tarii-aprobata-de-guvern\/","title":{"rendered":"Sputnik.md &#8211; Cristina Lesnic: Nu exist\u0103 o strategie de reintegrare a \u021b\u0103rii, aprobat\u0103 de Guvern"},"content":{"rendered":"<p>&nbsp;<\/p>\n<p>Vicepremierul pentru Reintegrare, Cristina Lesnic, a declarat \u00een cadrul emisiunii &#8220;Logica Puterii&#8221; de la Sputnik Moldova, moderat\u0103 de Tatiana Cebotar\u0103, c\u0103 nu exist\u0103 la momentul actual o strategie ca document de politici aprobat printr-o hot\u0103r\u00e2re de Guvern privind reintegrarea \u021b\u0103rii, \u00eens\u0103 exist\u0103 o comisie care se ocup\u0103 de acest subiect.<\/p>\n<p>&#8220;O strategie ca document de politici aprobat printr-o hot\u0103r\u00e2re de Guvern nu exist\u0103, dar exist\u0103 Comisia Guvernamental\u0103 pentru Reintegrarea \u021a\u0103rii, care se \u00eentrune\u0219te cel pu\u021bin o dat\u0103 \u00een trimestru, care deja a avut loc \u0219i acum \u00eencerc\u0103m s\u0103 identific\u0103m c\u00e2nd va avea loc urm\u0103toarea \u0219edin\u021b\u0103. Avem programul de sus\u021bine a activit\u0103\u021bilor de reintegrare a \u021b\u0103rii, noi acum avem mai mult o viziune. Toat\u0103 lumea vorbe\u0219te despre cele trei co\u0219uri, dar iat\u0103 \u00een momentul \u00een care vom vedea \u00een acest an\u00a0 ce se \u00eent\u00e2mpl\u0103 cu exactitate, care este dinamica \u0219i vom stabili \u0219i viziunile de reintegrare a \u021b\u0103rii&#8221;, spune vicepremierul pentru Reintegrare.<\/p>\n<p>Sursa:\u00a0<a href=\"https:\/\/sputnik.md\/radio\/20180623\/20032931\/Cristina-Lesnic-nu-exista-strategie-reintegrare-tarii-aprobata-Guvern.html\">https:\/\/sputnik.md\/<\/a><\/p>\n","protected":false},"excerpt":{"rendered":"<p>&nbsp; Vicepremierul pentru Reintegrare, Cristina Lesnic, a declarat \u00een cadrul emisiunii &#8220;Logica Puterii&#8221; de la Sputnik Moldova, moderat\u0103 de Tatiana Cebotar\u0103, c\u0103 nu exist\u0103 la momentul actual o strategie ca document de politici aprobat printr-o hot\u0103r\u00e2re de Guvern privind reintegrarea \u021b\u0103rii, \u00eens\u0103 exist\u0103 o comisie care se ocup\u0103 de acest subiect. &#8220;O strategie ca document&#8230;<\/p>\n","protected":false},"author":2,"featured_media":0,"comment_status":"closed","ping_status":"open","sticky":false,"template":"","format":"standard","meta":[],"categories":[1],"tags":[],"_links":{"self":[{"href":"https:\/\/centers.ulbsibiu.ro\/ccsprise\/lact\/wp-json\/wp\/v2\/posts\/4994"}],"collection":[{"href":"https:\/\/centers.ulbsibiu.ro\/ccsprise\/lact\/wp-json\/wp\/v2\/posts"}],"about":[{"href":"https:\/\/centers.ulbsibiu.ro\/ccsprise\/lact\/wp-json\/wp\/v2\/types\/post"}],"author":[{"embeddable":true,"href":"https:\/\/centers.ulbsibiu.ro\/ccsprise\/lact\/wp-json\/wp\/v2\/users\/2"}],"replies":[{"embeddable":true,"href":"https:\/\/centers.ulbsibiu.ro\/ccsprise\/lact\/wp-json\/wp\/v2\/comments?post=4994"}],"version-history":[{"count":1,"href":"https:\/\/centers.ulbsibiu.ro\/ccsprise\/lact\/wp-json\/wp\/v2\/posts\/4994\/revisions"}],"predecessor-version":[{"id":4995,"href":"https:\/\/centers.ulbsibiu.ro\/ccsprise\/lact\/wp-json\/wp\/v2\/posts\/4994\/revisions\/4995"}],"wp:attachment":[{"href":"https:\/\/centers.ulbsibiu.ro\/ccsprise\/lact\/wp-json\/wp\/v2\/media?parent=4994"}],"wp:term":[{"taxonomy":"category","embeddable":true,"href":"https:\/\/centers.ulbsibiu.ro\/ccsprise\/lact\/wp-json\/wp\/v2\/categories?post=4994"},{"taxonomy":"post_tag","embeddable":true,"href":"https:\/\/centers.ulbsibiu.ro\/ccsprise\/lact\/wp-json\/wp\/v2\/tags?post=4994"}],"curies":[{"name":"wp","href":"https:\/\/api.w.org\/{rel}","templated":true}]}}