{"id":4992,"date":"2018-06-23T18:43:48","date_gmt":"2018-06-23T16:43:48","guid":{"rendered":"https:\/\/centers.ulbsibiu.ro\/ccsprise\/lact\/?p=4992"},"modified":"2018-06-23T18:43:48","modified_gmt":"2018-06-23T16:43:48","slug":"agerpres-ro-mae-saluta-rezolutia-onu-privind-retragerea-trupelor-militare-straine-din-republica-moldova","status":"publish","type":"post","link":"https:\/\/centers.ulbsibiu.ro\/ccsprise\/lact\/agerpres-ro-mae-saluta-rezolutia-onu-privind-retragerea-trupelor-militare-straine-din-republica-moldova\/","title":{"rendered":"Agerpres.ro &#8211;  MAE salut\u0103 rezolu\u0163ia ONU privind retragerea trupelor militare str\u0103ine din Republica Moldova"},"content":{"rendered":"<p>Ministerul Afacerilor Externe (MAE) salut\u0103 rezolu\u0163ia Adun\u0103rii Generale a Organiza\u0163iei Na\u0163iunilor Unite (ONU) privind retragerea trupelor militare str\u0103ine de pe teritoriul Republicii Moldova, se arat\u0103 pe contul de Twitter al MAE.<\/p>\n<p>&#8220;Salut\u0103m adop\u0163ia rezolu\u0163iei Adun\u0103rii Generale a ONU privind &#8216;retragerea complet\u0103 \u015fi necondi\u0163ionat\u0103 a for\u0163elor militare str\u0103ine de pe teritoriul Republicii Moldova. Rom\u00e2nia a contribuit la aceasta'&#8221;, arat\u0103 MAE pe Twitter.<\/p>\n<p><a href=\"https:\/\/www.agerpres.ro\/politica-externa\/2018\/06\/22\/adunarea-generala-a-onu-a-aprobat-proiectul-rezolutiei-privind-retragerea-trupelor-ruse-din-transnistria--132739\" target=\"_blank\" rel=\"noopener\">Adunarea General\u0103 a ONU a adoptat vineri proiectul de rezolu\u0163ie propus de Chi\u015fin\u0103u privind retragerea trupelor ruse din Transnistria, regiune separatist\u0103 din estul Republicii Moldova, cu 64 de voturi pentru, 15 \u00eempotriv\u0103 \u015fi 83 de ab\u0163ineri, informeaz\u0103 Radio Chi\u015fin\u0103u \u015fi Deschide.md.<\/a><\/p>\n<p>Autorit\u0103\u0163ile moldovene insist\u0103 \u00een acest document asupra retragerii necondi\u0163ionate \u015fi complete a Grupului Operativ de Trupe Ruse (GOTR) &#8211; creat la 1 iulie 1995 \u00een baza fostei Armate a 14-a a URSS &#8211; despre care consider\u0103 c\u0103 sta\u0163ioneaz\u0103 ilegal pe teritoriul Republicii Moldova, conform canalelor media citate.<\/p>\n<p>Proiectul rezolu\u0163iei a fost prezentat Adun\u0103rii Generale a ONU de ministrul de externe moldovean, Tudor Ulianovschi, care a evocat istoricul problemei transnistrene, dar \u015fi angajamentele asumate de Federa\u0163ia Rus\u0103 \u00een 1999 la Istanbul \u015fi mai t\u00e2rziu, la Porto, de a-\u015fi retrage trupele \u015fi armamentul din regiunea transnistrean\u0103. Procesul evacu\u0103rii patrimoniului militar rusesc din st\u00e2nga Nistrului este blocat din 2003.<\/p>\n<p>Tudor Ulianovschi a invocat \u015fi problema trupelor ruse de men\u0163inere a p\u0103cii \u00een Transnistria, men\u0163ion\u00e2nd necesitatea transform\u0103rii acestei misiuni \u00een una civil\u0103, sub mandat interna\u0163ional.<\/p>\n<p>\u00cempotriva rezolu\u0163iei s-a pronun\u0163at Federa\u0163ia Rus\u0103, care a solicitat am\u00e2narea examin\u0103rii acesteia pentru urm\u0103toarea sesiune. Reprezentantul Rusiei la ONU, Dmitri Polianski, a spus c\u0103 proiectul rezolu\u0163iei prezentat de Chi\u015fin\u0103u nu este sus\u0163inut nici m\u0103car de \u00eentreaga societate \u00een Republica Moldova, f\u0103c\u00e2nd referire la unele declara\u0163ii \u00een acest sens ale pre\u015fedintelui Igor Dodon. Rusia mai consider\u0103 c\u0103 o asemenea rezolu\u0163ie va \u00eempiedica procesul de reglementare a diferendului transnistrean.<\/p>\n<p>Coautori ai proiectului de rezolu\u0163ie sunt 10 \u0163\u0103ri, \u00eentre care Rom\u00e2nia, Ucraina, Polonia, Marea Britanie \u015fi statele baltice, noteaz\u0103 Radio Chi\u015fin\u0103u. AGERPRES\/(AS &#8211; autor: Oana Ghi\u0163\u0103, editor: Antonia Ni\u0163\u0103, editor online: Simona Aru\u015ftei)<\/p>\n<p>Sursa:\u00a0<a href=\"https:\/\/www.agerpres.ro\/politica\/2018\/06\/22\/mae-saluta-rezolutia-onu-privind-retragerea-trupelor-militare-straine-din-republica-moldova--132795\">https:\/\/www.agerpres.ro\/<\/a><\/p>\n","protected":false},"excerpt":{"rendered":"<p>Ministerul Afacerilor Externe (MAE) salut\u0103 rezolu\u0163ia Adun\u0103rii Generale a Organiza\u0163iei Na\u0163iunilor Unite (ONU) privind retragerea trupelor militare str\u0103ine de pe teritoriul Republicii Moldova, se arat\u0103 pe contul de Twitter al MAE. &#8220;Salut\u0103m adop\u0163ia rezolu\u0163iei Adun\u0103rii Generale a ONU privind &#8216;retragerea complet\u0103 \u015fi necondi\u0163ionat\u0103 a for\u0163elor militare str\u0103ine de pe teritoriul Republicii Moldova. Rom\u00e2nia a contribuit&#8230;<\/p>\n","protected":false},"author":2,"featured_media":0,"comment_status":"closed","ping_status":"open","sticky":false,"template":"","format":"standard","meta":[],"categories":[1],"tags":[],"_links":{"self":[{"href":"https:\/\/centers.ulbsibiu.ro\/ccsprise\/lact\/wp-json\/wp\/v2\/posts\/4992"}],"collection":[{"href":"https:\/\/centers.ulbsibiu.ro\/ccsprise\/lact\/wp-json\/wp\/v2\/posts"}],"about":[{"href":"https:\/\/centers.ulbsibiu.ro\/ccsprise\/lact\/wp-json\/wp\/v2\/types\/post"}],"author":[{"embeddable":true,"href":"https:\/\/centers.ulbsibiu.ro\/ccsprise\/lact\/wp-json\/wp\/v2\/users\/2"}],"replies":[{"embeddable":true,"href":"https:\/\/centers.ulbsibiu.ro\/ccsprise\/lact\/wp-json\/wp\/v2\/comments?post=4992"}],"version-history":[{"count":1,"href":"https:\/\/centers.ulbsibiu.ro\/ccsprise\/lact\/wp-json\/wp\/v2\/posts\/4992\/revisions"}],"predecessor-version":[{"id":4993,"href":"https:\/\/centers.ulbsibiu.ro\/ccsprise\/lact\/wp-json\/wp\/v2\/posts\/4992\/revisions\/4993"}],"wp:attachment":[{"href":"https:\/\/centers.ulbsibiu.ro\/ccsprise\/lact\/wp-json\/wp\/v2\/media?parent=4992"}],"wp:term":[{"taxonomy":"category","embeddable":true,"href":"https:\/\/centers.ulbsibiu.ro\/ccsprise\/lact\/wp-json\/wp\/v2\/categories?post=4992"},{"taxonomy":"post_tag","embeddable":true,"href":"https:\/\/centers.ulbsibiu.ro\/ccsprise\/lact\/wp-json\/wp\/v2\/tags?post=4992"}],"curies":[{"name":"wp","href":"https:\/\/api.w.org\/{rel}","templated":true}]}}