{"id":4990,"date":"2018-06-23T18:41:11","date_gmt":"2018-06-23T16:41:11","guid":{"rendered":"https:\/\/centers.ulbsibiu.ro\/ccsprise\/lact\/?p=4990"},"modified":"2018-06-23T18:41:11","modified_gmt":"2018-06-23T16:41:11","slug":"unimedia-md-ministerul-afacerilor-de-externe-rus-denunta-rezolutia-onu-privind-retragerea-trupelor-ruse-din-republica-moldova","status":"publish","type":"post","link":"https:\/\/centers.ulbsibiu.ro\/ccsprise\/lact\/unimedia-md-ministerul-afacerilor-de-externe-rus-denunta-rezolutia-onu-privind-retragerea-trupelor-ruse-din-republica-moldova\/","title":{"rendered":"Unimedia.md &#8211; Ministerul Afacerilor de Externe rus denun\u021b\u0103 rezolu\u021bia ONU privind retragerea trupelor ruse din Republica Moldova"},"content":{"rendered":"<p>Ministerul de Externe rus a denun\u0163at rezolu\u0163ia adoptat\u0103 de Adunarea General\u0103 a ONU privind retragerea trupelor ruse de pe teritoriul Republicii Moldova. Iar prin adoptarea acestei rezolu\u021bii, potrivit ru\u0219ilor, Moldova risc\u0103 s\u0103 submineze progresele fragile care s-au profilat \u00een ultimele luni \u00een ceea ce prive\u015fte reglementarea conflictului transnistrean.<\/p>\n<p>\u201eAdoptarea acestei rezolu\u0163ii risc\u0103 s\u0103 submineze progresele fragile care s-au profilat \u00een ultimele luni \u00een ceea ce prive\u015fte reglementarea conflictului transnistrean. Numero\u015fi oameni politici, \u015fi nu doar de la Chi\u015fin\u0103u, au uitat deja c\u0103 doar gra\u0163ie interven\u0163iei oportune a trupelor ruse s-a putut pune cap\u0103t curgerii de s\u00e2nge pe Nistru \u015fi cre\u0103rii de condi\u0163ii pentru lansarea procesului de reglementare pa\u015fnic\u0103&#8221;, scrie MAE rus \u00eentr-un comunicat.<\/p>\n<p>Textul complet:\u00a0<a href=\"https:\/\/unimedia.info\/stiri\/ministerul-afacerilor-de-externe-rus-denunta-rezolutia-onu-privind-retragerea-trupelor-ruse-din-republica-moldova-156487.html\">https:\/\/unimedia.info\/<\/a><\/p>\n","protected":false},"excerpt":{"rendered":"<p>Ministerul de Externe rus a denun\u0163at rezolu\u0163ia adoptat\u0103 de Adunarea General\u0103 a ONU privind retragerea trupelor ruse de pe teritoriul Republicii Moldova. Iar prin adoptarea acestei rezolu\u021bii, potrivit ru\u0219ilor, Moldova risc\u0103 s\u0103 submineze progresele fragile care s-au profilat \u00een ultimele luni \u00een ceea ce prive\u015fte reglementarea conflictului transnistrean. \u201eAdoptarea acestei rezolu\u0163ii risc\u0103 s\u0103 submineze progresele&#8230;<\/p>\n","protected":false},"author":2,"featured_media":0,"comment_status":"closed","ping_status":"open","sticky":false,"template":"","format":"standard","meta":[],"categories":[1],"tags":[],"_links":{"self":[{"href":"https:\/\/centers.ulbsibiu.ro\/ccsprise\/lact\/wp-json\/wp\/v2\/posts\/4990"}],"collection":[{"href":"https:\/\/centers.ulbsibiu.ro\/ccsprise\/lact\/wp-json\/wp\/v2\/posts"}],"about":[{"href":"https:\/\/centers.ulbsibiu.ro\/ccsprise\/lact\/wp-json\/wp\/v2\/types\/post"}],"author":[{"embeddable":true,"href":"https:\/\/centers.ulbsibiu.ro\/ccsprise\/lact\/wp-json\/wp\/v2\/users\/2"}],"replies":[{"embeddable":true,"href":"https:\/\/centers.ulbsibiu.ro\/ccsprise\/lact\/wp-json\/wp\/v2\/comments?post=4990"}],"version-history":[{"count":1,"href":"https:\/\/centers.ulbsibiu.ro\/ccsprise\/lact\/wp-json\/wp\/v2\/posts\/4990\/revisions"}],"predecessor-version":[{"id":4991,"href":"https:\/\/centers.ulbsibiu.ro\/ccsprise\/lact\/wp-json\/wp\/v2\/posts\/4990\/revisions\/4991"}],"wp:attachment":[{"href":"https:\/\/centers.ulbsibiu.ro\/ccsprise\/lact\/wp-json\/wp\/v2\/media?parent=4990"}],"wp:term":[{"taxonomy":"category","embeddable":true,"href":"https:\/\/centers.ulbsibiu.ro\/ccsprise\/lact\/wp-json\/wp\/v2\/categories?post=4990"},{"taxonomy":"post_tag","embeddable":true,"href":"https:\/\/centers.ulbsibiu.ro\/ccsprise\/lact\/wp-json\/wp\/v2\/tags?post=4990"}],"curies":[{"name":"wp","href":"https:\/\/api.w.org\/{rel}","templated":true}]}}