{"id":4988,"date":"2018-06-23T18:37:33","date_gmt":"2018-06-23T16:37:33","guid":{"rendered":"https:\/\/centers.ulbsibiu.ro\/ccsprise\/lact\/?p=4988"},"modified":"2018-06-23T18:37:33","modified_gmt":"2018-06-23T16:37:33","slug":"deschide-md-dodon-critica-aprobarea-rezolutiei-la-onu-filip-ii-taxeaza-lipsa-de-patriotism","status":"publish","type":"post","link":"https:\/\/centers.ulbsibiu.ro\/ccsprise\/lact\/deschide-md-dodon-critica-aprobarea-rezolutiei-la-onu-filip-ii-taxeaza-lipsa-de-patriotism\/","title":{"rendered":"Deschide.md &#8211; Dodon critic\u0103 aprobarea rezolu\u021biei la ONU. Filip \u00eei taxeaz\u0103 lipsa de patriotism"},"content":{"rendered":"<p>Author: Pavel Maftei<\/p>\n<p>Pre\u0219edintele Republicii Moldova critic\u0103 votul la ONU a rezolu\u021biei de retragere a trupelor ruse din regiunea transnistrean\u0103 , spun\u00e2nd c\u0103 Guvernul Republicii Moldovei, controlat de Partidul Democrat, a comis un nou gest ostil antirusesc, ini\u021biind procedura de votare de ieri de la ONU. De celalat\u0103 parte premierul Pavel Filip a declarat \u00eentr-o conferin\u021b\u0103 de pres\u0103 cu referire la Igor Dodon, c\u0103 \u201edac\u0103 \u00ee\u021bi iube\u0219ti \u021bara nu vii cu astfel de declara\u021bii\u201d.<\/p>\n<p>Pre\u0219edintele R. Moldova scrie pe pagina sa de facebook c\u0103 coali\u021bia de guvern\u0103m\u00e2nt face uz de platformele interna\u021bionale, \u00eencerc\u00e2nd s\u0103-\u0219i consolideze pozi\u021biile politice interne, puternic afectate \u00een preajma alegerilor parlamentare care vor avea loc \u00een c\u00e2teva luni.<\/p>\n<p>\u201eO astfel de PR-campanie a Partidului Democrat nu va avea nici o semnifica\u021bie practic\u0103. Republica Moldova trebuie s\u0103-\u015fi consolideze statalitatea, s\u0103 promoveze o politic\u0103 extern\u0103 echilibrat\u0103, s\u0103 insiste pe recunoa\u0219terea interna\u021bional\u0103 a statutului s\u0103u de neutralitate\u201d, sus\u021bine Dodon.<\/p>\n<p><span lang=\"IT\">Acesta mai spune c\u0103 o garan\u021bie a statului moldovenesc puternic urmeaz\u0103 s\u0103 o reprezinte solu\u021bionarea diferendului transnistrean \u015fi reintegrarea \u021b\u0103rii. Iar \u00eencetarea opera\u021biunii de pacificare, desf\u0103\u0219urat\u0103 pe teritoriul republicii \u00een conformitate cu acordurile din anul 1992, ea fiind una dintre cele mai reu\u015fite, va fi posibil\u0103 doar dup\u0103 ce ambele maluri ale Nistrului vor ajunge la o \u00een\u0163elegere cuprinz\u0103toare cu privire la reglementarea plenar\u0103 a conflictului.<\/span><\/p>\n<p><span lang=\"IT\">\u201eDeja peste c\u00e2teva luni, dup\u0103 alegerile parlamentare, \u00een Moldova va fi format\u0103 o majoritate parlamentar\u0103 pro-moldoveneasc\u0103 \u015fi un Guvern pro-moldovenesc, care vor promova o politic\u0103 extern\u0103 echilibrat\u0103, reie\u0219ind din interesele na\u021bionale, va tinde spre relansarea rela\u021biilor de parteneriat strategic cu Rusia \u0219i spre identificarea unui model pentru reglementarea integral\u0103 \u015fi definitiv\u0103 a conflictului, unul care ar satisface at\u00eet Chi\u015fin\u0103ul, c\u00e2t \u015fi Tiraspolul\u201d, adaug\u0103 pre\u0219edintele. <\/span><\/p>\n<p><span lang=\"IT\">Tot ast\u0103zi premeirul Pavel Filip a sus\u021binut o conferin\u021b\u0103 de pres\u0103 unde a avorbit despre votul rezolu\u021biei de la Adunarea general\u0103 ONU privind retragerea trupelor ruse de pe teritoriul R. Moldova. <\/span><\/p>\n<p><span lang=\"FR\">\u201eEvident c\u0103 Rusia este obligat\u0103 s\u0103 vin\u0103 cu declara\u021bii mai dure \u00een acest sens. Noi nu am f\u0103cut un demers \u00eempotriva Rusiei, noi am venit cu un demers ca Republica Moldova s\u0103 fie respectat\u0103 de c\u0103tre to\u021bi. Dincolo de decalra\u021biile pe care rusia trebuie s\u0103 le fac\u0103, \u00een interior Rusia va avea mai mult respect fa\u021b\u0103 de R. Moldova. Am v\u0103zut \u0219i eu c\u0103 reprezentantul Rusiei la ONU a f\u0103cut referire la declara\u021biile domnului Dodon \u0219i eu cred c\u0103 aici trebuie s\u0103 ne g\u00e2ndim mai mult la \u00eenc\u0103rc\u0103tura cuv\u00e2ntului patriotism \u0219i dac\u0103 tu reprezin\u021bi \u021bara atunci tu trebuie s\u0103 fii patriot. Eu nu cred c\u0103 exist\u0103 cineva \u00een lume care \u0219i-ar dori s\u0103 aib\u0103 trupe str\u0103ine pe teritoriul \u021b\u0103rii sale. Las la latitudinea publicului s\u0103 judece aceste declara\u021bii dar din punctul meu de vedere nu fac fa\u021b\u0103 unui oficial al R. Moldova\u201d, a spus Filip.<\/span><\/p>\n<p>Textul complet:\u00a0<a href=\"https:\/\/deschide.md\/ro\/stiri\/politic\/32899\/Dodon-critic\u0103-aprobarea-rezolu\u021biei-la-ONU-Filip-\u00eei-taxeaz\u0103-lipsa-de-patriotism.htm\">https:\/\/deschide.md\/<\/a><\/p>\n","protected":false},"excerpt":{"rendered":"<p>Author: Pavel Maftei Pre\u0219edintele Republicii Moldova critic\u0103 votul la ONU a rezolu\u021biei de retragere a trupelor ruse din regiunea transnistrean\u0103 , spun\u00e2nd c\u0103 Guvernul Republicii Moldovei, controlat de Partidul Democrat, a comis un nou gest ostil antirusesc, ini\u021biind procedura de votare de ieri de la ONU. De celalat\u0103 parte premierul Pavel Filip a declarat \u00eentr-o&#8230;<\/p>\n","protected":false},"author":2,"featured_media":0,"comment_status":"closed","ping_status":"open","sticky":false,"template":"","format":"standard","meta":[],"categories":[1],"tags":[],"_links":{"self":[{"href":"https:\/\/centers.ulbsibiu.ro\/ccsprise\/lact\/wp-json\/wp\/v2\/posts\/4988"}],"collection":[{"href":"https:\/\/centers.ulbsibiu.ro\/ccsprise\/lact\/wp-json\/wp\/v2\/posts"}],"about":[{"href":"https:\/\/centers.ulbsibiu.ro\/ccsprise\/lact\/wp-json\/wp\/v2\/types\/post"}],"author":[{"embeddable":true,"href":"https:\/\/centers.ulbsibiu.ro\/ccsprise\/lact\/wp-json\/wp\/v2\/users\/2"}],"replies":[{"embeddable":true,"href":"https:\/\/centers.ulbsibiu.ro\/ccsprise\/lact\/wp-json\/wp\/v2\/comments?post=4988"}],"version-history":[{"count":1,"href":"https:\/\/centers.ulbsibiu.ro\/ccsprise\/lact\/wp-json\/wp\/v2\/posts\/4988\/revisions"}],"predecessor-version":[{"id":4989,"href":"https:\/\/centers.ulbsibiu.ro\/ccsprise\/lact\/wp-json\/wp\/v2\/posts\/4988\/revisions\/4989"}],"wp:attachment":[{"href":"https:\/\/centers.ulbsibiu.ro\/ccsprise\/lact\/wp-json\/wp\/v2\/media?parent=4988"}],"wp:term":[{"taxonomy":"category","embeddable":true,"href":"https:\/\/centers.ulbsibiu.ro\/ccsprise\/lact\/wp-json\/wp\/v2\/categories?post=4988"},{"taxonomy":"post_tag","embeddable":true,"href":"https:\/\/centers.ulbsibiu.ro\/ccsprise\/lact\/wp-json\/wp\/v2\/tags?post=4988"}],"curies":[{"name":"wp","href":"https:\/\/api.w.org\/{rel}","templated":true}]}}