{"id":4986,"date":"2018-06-23T18:33:46","date_gmt":"2018-06-23T16:33:46","guid":{"rendered":"https:\/\/centers.ulbsibiu.ro\/ccsprise\/lact\/?p=4986"},"modified":"2018-06-23T18:33:46","modified_gmt":"2018-06-23T16:33:46","slug":"europalibera-org-rusia-si-a-intetit-criticile-la-adresa-rezolutiei-onu-care-cere-retragerea-trupelor-rusesti-din-regiunea-transnistreana","status":"publish","type":"post","link":"https:\/\/centers.ulbsibiu.ro\/ccsprise\/lact\/europalibera-org-rusia-si-a-intetit-criticile-la-adresa-rezolutiei-onu-care-cere-retragerea-trupelor-rusesti-din-regiunea-transnistreana\/","title":{"rendered":"Europalibera.org &#8211; Rusia \u0219i-a \u00eente\u021bit criticile la adresa rezolu\u021biei ONU care cere retragerea trupelor ruse\u0219ti din regiunea transnistrean\u0103"},"content":{"rendered":"<p><span style=\"display: inline !important; float: none; background-color: transparent; color: #1f2124; font-family: 'Skolar-Light_Cyr-Ltn',Georgia,Times,'Times New Roman',serif; font-size: 18px; font-style: normal; font-variant: normal; font-weight: 400; letter-spacing: normal; orphans: 2; text-align: left; text-decoration: none; text-indent: 0px; text-transform: none; -webkit-text-stroke-width: 0px; white-space: normal; word-spacing: 0px;\">Rusia \u0219i-a \u00eente\u021bit criticile la adresa rezolu\u021biei adoptate vineri de Adunarea General\u0103 ONU, \u00een care se cere retragerea trupelor ruse\u0219ti din regiunea transnistrean\u0103. \u00centr-o declara\u021bie a Ministerului rus de externe se spune s\u00e2mb\u0103t\u0103 c\u0103 rezolu\u021bia ar putea fi \u201epericuloas\u0103\u201d, submin\u00e2nd progresele f\u0103cute \u00een ultimele luni \u00een negocierile din jurul diferendului transnistrean. <\/span><\/p>\n<p><span style=\"display: inline !important; float: none; background-color: transparent; color: #1f2124; font-family: 'Skolar-Light_Cyr-Ltn',Georgia,Times,'Times New Roman',serif; font-size: 18px; font-style: normal; font-variant: normal; font-weight: 400; letter-spacing: normal; orphans: 2; text-align: left; text-decoration: none; text-indent: 0px; text-transform: none; -webkit-text-stroke-width: 0px; white-space: normal; word-spacing: 0px;\">\u00cen favoarea rezolu\u021biei propuse de R. Moldova au votat 64 de \u021b\u0103ri, majoritatea democra\u021bii occidentale, 15 au votat \u00eempotriv\u0103, iar 83 s-au ab\u021binut.\u00a0<\/span><\/p>\n<p><span style=\"display: inline !important; float: none; background-color: transparent; color: #1f2124; font-family: 'Skolar-Light_Cyr-Ltn',Georgia,Times,'Times New Roman',serif; font-size: 18px; font-style: normal; font-variant: normal; font-weight: 400; letter-spacing: normal; orphans: 2; text-align: left; text-decoration: none; text-indent: 0px; text-transform: none; -webkit-text-stroke-width: 0px; white-space: normal; word-spacing: 0px;\">\u00cen declara\u021bia de s\u00e2mb\u0103t\u0103 a Ministerului de externe de la Moscova se spune c\u0103 demersul diplomatic moldovenesc ar fi o \u00eencercare de a ob\u021bine capital politic \u201ecre\u00e2nd sentimente anti-ruse\u0219ti\u201d \u00een perspectiva alegerilor moldovene de la toamn\u0103. <\/span><\/p>\n<p>Sursa:\u00a0<a href=\"https:\/\/www.europalibera.org\/a\/29315416.html\">https:\/\/www.europalibera.org\/<\/a><\/p>\n","protected":false},"excerpt":{"rendered":"<p>Rusia \u0219i-a \u00eente\u021bit criticile la adresa rezolu\u021biei adoptate vineri de Adunarea General\u0103 ONU, \u00een care se cere retragerea trupelor ruse\u0219ti din regiunea transnistrean\u0103. \u00centr-o declara\u021bie a Ministerului rus de externe se spune s\u00e2mb\u0103t\u0103 c\u0103 rezolu\u021bia ar putea fi \u201epericuloas\u0103\u201d, submin\u00e2nd progresele f\u0103cute \u00een ultimele luni \u00een negocierile din jurul diferendului transnistrean. \u00cen favoarea rezolu\u021biei propuse&#8230;<\/p>\n","protected":false},"author":2,"featured_media":0,"comment_status":"closed","ping_status":"open","sticky":false,"template":"","format":"standard","meta":[],"categories":[1],"tags":[],"_links":{"self":[{"href":"https:\/\/centers.ulbsibiu.ro\/ccsprise\/lact\/wp-json\/wp\/v2\/posts\/4986"}],"collection":[{"href":"https:\/\/centers.ulbsibiu.ro\/ccsprise\/lact\/wp-json\/wp\/v2\/posts"}],"about":[{"href":"https:\/\/centers.ulbsibiu.ro\/ccsprise\/lact\/wp-json\/wp\/v2\/types\/post"}],"author":[{"embeddable":true,"href":"https:\/\/centers.ulbsibiu.ro\/ccsprise\/lact\/wp-json\/wp\/v2\/users\/2"}],"replies":[{"embeddable":true,"href":"https:\/\/centers.ulbsibiu.ro\/ccsprise\/lact\/wp-json\/wp\/v2\/comments?post=4986"}],"version-history":[{"count":1,"href":"https:\/\/centers.ulbsibiu.ro\/ccsprise\/lact\/wp-json\/wp\/v2\/posts\/4986\/revisions"}],"predecessor-version":[{"id":4987,"href":"https:\/\/centers.ulbsibiu.ro\/ccsprise\/lact\/wp-json\/wp\/v2\/posts\/4986\/revisions\/4987"}],"wp:attachment":[{"href":"https:\/\/centers.ulbsibiu.ro\/ccsprise\/lact\/wp-json\/wp\/v2\/media?parent=4986"}],"wp:term":[{"taxonomy":"category","embeddable":true,"href":"https:\/\/centers.ulbsibiu.ro\/ccsprise\/lact\/wp-json\/wp\/v2\/categories?post=4986"},{"taxonomy":"post_tag","embeddable":true,"href":"https:\/\/centers.ulbsibiu.ro\/ccsprise\/lact\/wp-json\/wp\/v2\/tags?post=4986"}],"curies":[{"name":"wp","href":"https:\/\/api.w.org\/{rel}","templated":true}]}}