{"id":4984,"date":"2018-06-23T18:30:28","date_gmt":"2018-06-23T16:30:28","guid":{"rendered":"https:\/\/centers.ulbsibiu.ro\/ccsprise\/lact\/?p=4984"},"modified":"2018-06-23T18:30:28","modified_gmt":"2018-06-23T16:30:28","slug":"gov-md-delegatia-republicii-moldova-in-comisia-unificata-de-control-condamna-incalcarea-repetata-a-regimului-zonei-de-securitate","status":"publish","type":"post","link":"https:\/\/centers.ulbsibiu.ro\/ccsprise\/lact\/gov-md-delegatia-republicii-moldova-in-comisia-unificata-de-control-condamna-incalcarea-repetata-a-regimului-zonei-de-securitate\/","title":{"rendered":"Gov.md &#8211; Delega\u021bia Republicii Moldova \u00een Comisia Unificat\u0103 de Control condamn\u0103 \u00eenc\u0103lcarea repetat\u0103 a regimului Zonei de Securitate"},"content":{"rendered":"<p>La 23 iunie 2018, \u00een jurul orei 04:00 \u0219i apoi la orele 06:30, 11:15 \u0219i 13:15, pe traseul Dub\u0103sari-Grigoriopol-Tiraspol a fost fixat\u0103 deplasarea neanun\u021bat\u0103 a 4 coloane de unit\u0103\u021bi de tehnic\u0103 blindat\u0103 \u0219i auto militare ale Grupului Operativ al Trupelor Ruse (GOTR): aproximativ 11 TAB-uri \u0219i 25 autocamioane (URAL, ZIL, UAZ). Pe unit\u0103\u021bile \u00een cauz\u0103 nu au fost remarcate \u00eensemne distinctive de apartenen\u021b\u0103 la GOTR sau la opera\u021biunea de pacificare, precum \u0219i lipseau numerele de \u00eenmatriculare.<\/p>\n<p>Conform informa\u021biilor disponibile unit\u0103\u021bile respective fac parte din cele trei coloane (aproximativ 40 de unit\u0103\u021bi) care \u00een diminea\u021ba zilei de 21 iunie curent s-au deplasat neautorizat spre depozitul de muni\u021bii de la Cobasna, raionul R\u00e2bni\u021ba, \u00eenso\u021bite de automobilele speciale ale structurilor neconstitu\u021bionale de mili\u021bie. Ulterior, reprezentan\u021bii Federa\u021biei Ruse au motivat aceast\u0103 mi\u0219care a efectivelor militare prin necesitatea de a spori m\u0103surile de paz\u0103 a depozitului ca urmare a indica\u021biilor primite de la conducerea Ministerului Ap\u0103r\u0103rii rus \u00een contextul unor eventuale acte de terorism \u0219i provoc\u0103ri posibile \u00een perioada Campionatului Mondial la fotbal.<\/p>\n<p>\u00cen debutul incidentului din aceast\u0103 diminea\u021b\u0103, delega\u021bia moldoveneasc\u0103 \u00een Comisia Unificat\u0103 de Control a cerut convocarea de urgen\u021b\u0103 a observatorilor militari ai componentelor Comisiei Unificate de Control (reprezentan\u021bii Federa\u021biei Ruse, Republicii Moldova, Ucrainei, Tiraspolului) care la ora 05:30 s-au deplasat \u00een raioanele Dub\u0103sari \u0219i Grigoriopol (\u00een preajma podului de la Dub\u0103sari, satelor Doro\u021bcaia \u0219i M\u0103l\u0103ie\u0219ti) pentru a documenta situa\u021bia. La insisten\u021ba p\u0103r\u021bii moldovene\u0219ti, la fa\u021ba locului s-au prezentat \u0219i reprezentan\u021bii Misiunii OSCE \u00een Moldova, care la ora 06:20 au fixat deplasarea a 4 mijloace URAL \u0219i a unei unit\u0103\u021bi auto de inspec\u021bie militar\u0103, iar la 07:15 acelea\u0219i unit\u0103\u021bi au fost observate \u00een satul M\u0103l\u0103ie\u0219ti din raionul Grigoriopol. La solicitarea observatorilor militari de a opri mi\u0219carea acestor unit\u0103\u021bi, pentru efectuarea controlului regulamentar, nu s-a reac\u021bionat nici \u00eentr-un mod.<\/p>\n<p>Delega\u021bia Republicii Moldova \u00een Comisia Unificat\u0103 de Control este puternic alarmat\u0103 \u00een leg\u0103tur\u0103 cu aceste ac\u021biuni cu caracter provocator \u0219i \u00eenc\u0103lcarea flagrant\u0103 de c\u0103tre militarii Federa\u021biei Ruse a regimului Zonei de Securitate, implicit a Acordului moldo\u2013rus din 21 iulie 1992. Asemenea sfidare a Acordului s-a produs repetat \u00een ultimele zile, f\u0103r\u0103 anun\u021barea autorit\u0103\u021bilor moldovene\u0219ti sau a mecanismelor existente \u00een procesul de reglementare pa\u0219nic\u0103 a conflictului transnistrean.<\/p>\n<p>Delega\u021bia Republicii Moldova \u00een Comisia Unificat\u0103 de Control cheam\u0103 toate componentele Comisiei \u0219i Comandamentul Militar \u00centrunit al opera\u021biunii de pacificare s\u0103 ac\u021bioneze \u00een strict\u0103 conformitate cu \u00een\u021belegerile convenite \u00een procesul de reglementare transnistrean\u0103 \u0219i s\u0103 asigure respectarea regimului Zonei de Securitate.<\/p>\n<p>&nbsp;<\/p>\n<p><strong>Delega\u021bia Republicii Moldova \u00een Comisia Unificat\u0103 de Control<\/strong><\/p>\n<p>&nbsp;<\/p>\n<p>Sursa:\u00a0<a href=\"https:\/\/gov.md\/ro\/content\/delegatia-republicii-moldova-comisia-unificata-de-control-condamna-incalcarea-repetata\">https:\/\/gov.md\/<\/a><\/p>\n","protected":false},"excerpt":{"rendered":"<p>La 23 iunie 2018, \u00een jurul orei 04:00 \u0219i apoi la orele 06:30, 11:15 \u0219i 13:15, pe traseul Dub\u0103sari-Grigoriopol-Tiraspol a fost fixat\u0103 deplasarea neanun\u021bat\u0103 a 4 coloane de unit\u0103\u021bi de tehnic\u0103 blindat\u0103 \u0219i auto militare ale Grupului Operativ al Trupelor Ruse (GOTR): aproximativ 11 TAB-uri \u0219i 25 autocamioane (URAL, ZIL, UAZ). Pe unit\u0103\u021bile \u00een cauz\u0103&#8230;<\/p>\n","protected":false},"author":2,"featured_media":0,"comment_status":"closed","ping_status":"open","sticky":false,"template":"","format":"standard","meta":[],"categories":[1],"tags":[],"_links":{"self":[{"href":"https:\/\/centers.ulbsibiu.ro\/ccsprise\/lact\/wp-json\/wp\/v2\/posts\/4984"}],"collection":[{"href":"https:\/\/centers.ulbsibiu.ro\/ccsprise\/lact\/wp-json\/wp\/v2\/posts"}],"about":[{"href":"https:\/\/centers.ulbsibiu.ro\/ccsprise\/lact\/wp-json\/wp\/v2\/types\/post"}],"author":[{"embeddable":true,"href":"https:\/\/centers.ulbsibiu.ro\/ccsprise\/lact\/wp-json\/wp\/v2\/users\/2"}],"replies":[{"embeddable":true,"href":"https:\/\/centers.ulbsibiu.ro\/ccsprise\/lact\/wp-json\/wp\/v2\/comments?post=4984"}],"version-history":[{"count":1,"href":"https:\/\/centers.ulbsibiu.ro\/ccsprise\/lact\/wp-json\/wp\/v2\/posts\/4984\/revisions"}],"predecessor-version":[{"id":4985,"href":"https:\/\/centers.ulbsibiu.ro\/ccsprise\/lact\/wp-json\/wp\/v2\/posts\/4984\/revisions\/4985"}],"wp:attachment":[{"href":"https:\/\/centers.ulbsibiu.ro\/ccsprise\/lact\/wp-json\/wp\/v2\/media?parent=4984"}],"wp:term":[{"taxonomy":"category","embeddable":true,"href":"https:\/\/centers.ulbsibiu.ro\/ccsprise\/lact\/wp-json\/wp\/v2\/categories?post=4984"},{"taxonomy":"post_tag","embeddable":true,"href":"https:\/\/centers.ulbsibiu.ro\/ccsprise\/lact\/wp-json\/wp\/v2\/tags?post=4984"}],"curies":[{"name":"wp","href":"https:\/\/api.w.org\/{rel}","templated":true}]}}