{"id":4982,"date":"2018-06-23T18:27:53","date_gmt":"2018-06-23T16:27:53","guid":{"rendered":"https:\/\/centers.ulbsibiu.ro\/ccsprise\/lact\/?p=4982"},"modified":"2018-06-23T18:27:53","modified_gmt":"2018-06-23T16:27:53","slug":"publika-md-pavel-filip-despre-rezolutia-privind-retragerea-trupelor-ruse-acest-subiect-va-ramane-constant-pe-agenda-onu-pana-cand-ultimul-soldat-rus-nu-va-parasi-teritoriul-tarii","status":"publish","type":"post","link":"https:\/\/centers.ulbsibiu.ro\/ccsprise\/lact\/publika-md-pavel-filip-despre-rezolutia-privind-retragerea-trupelor-ruse-acest-subiect-va-ramane-constant-pe-agenda-onu-pana-cand-ultimul-soldat-rus-nu-va-parasi-teritoriul-tarii\/","title":{"rendered":"Publika.md &#8211; Pavel Filip despre rezolu\u0163ia privind retragerea trupelor ruse: Acest subiect va r\u0103m\u00e2ne constant pe agenda ONU p\u00e2n\u0103 c\u00e2nd ultimul soldat rus nu va p\u0103r\u0103si teritoriul \u0163\u0103rii"},"content":{"rendered":"<p><strong>Aprobarea rezolu\u0163iei ONU privind retragerea trupelor ruse de pe teritoriul \u0163\u0103rii noastre a devenit posibil\u0103 datorit\u0103 efortului autorit\u0103\u0163ilor de la Chi\u015fin\u0103u \u015fi a diploma\u0163iei moldovene\u015fti. Aceast\u0103 decizie este un semnal de solidaritate \u015fi reprezint\u0103 o victorie pentru cei care \u0163in la independen\u0163a \u015fi integritatea Republicii Moldova. Declara\u0163iile au fost f\u0103cute de premierul Pavel Filip \u00een cadrul unei conferin\u0163e de pres\u0103. <\/strong><\/p>\n<p>Prim-ministrul a subliniat c\u0103 rezolu\u0163ia nu vizeaz\u0103 contigentul militar de men\u0163inere a p\u0103cii \u00een regiunea transnistrean\u0103. Documentul se refer\u0103 doar la grupul operativ al armatei ruse care sta\u0163ioneaz\u0103 ilegal \u00een st\u00e2nga Nistrului. Totu\u015fi, potrivit lui Pavel Filip, Chi\u015fin\u0103ul insist\u0103 pe transformarea misiunii de men\u0163inere a p\u0103cii \u00een una civil\u0103.<\/p>\n<blockquote><p>Adunarea General\u0103 a ONU\u00a0a aprobat cu o majoritate confortabl\u0103\u00a0de voturi proiectul de rezolu\u0163ie privind retragerea complet\u0103 \u015fi necondi\u0163ionat\u0103 a\u00a0for\u0163elor militare str\u0103ine de pe teritoriul Republicii Moldova.<strong> Documentul a fost sus\u0163inut de 64 de state, \u015fi \u0163in ast\u0103zi \u00een cadrul acestui briefing s\u0103 fac anumite preciz\u0103ri.\u00a0<\/strong><\/p>\n<p>\u00cen primul r\u00e2nd vreau s\u0103 mul\u0163umesc tuturor statelor prietene care au sprijinit prin votul lor proiectul propus de noi. \u00cen mod special mul\u0163umesc celor care ne-au fost co-autori ai acestei rezolu\u0163ii \u015fi \u0163in s\u0103 citesc \u00een semn de recuno\u015ftin\u0163\u0103 ast\u0103zi \u00eentreaga list\u0103. <strong>Este vorba despre Canada, Estonia, Lituania, Letonia, Rom\u00e2nia, Ucraina, Gergia, Polonia, Cehia, dar \u015fi Marea Britanie. Sunt statele care ne-au fost al\u0103turi \u00een acest demers chiar \u015fi p\u00e2n\u0103 la votul de ieri. Pentru asta le mul\u0163umim.<\/strong><\/p>\n<p>\u0162in s\u0103 aduc mul\u0163umire colegilor mei, echipei ministerului Afacerilor Externe \u015fi Integr\u0103rii Europene, misiunii noatre de la New York pentru efortul diplomatic dedicat acestui subiect \u015fi deosebit de important pentru \u0163ara noastr\u0103.<\/p>\n<p><strong>Am urm\u0103rit de asemenea cu aten\u0163ie \u0163\u0103rile care au votat \u00eempotriv\u0103 ori s-au ab\u0163inut, acest lucru ne face s\u0103 \u00een\u0163elegem c\u0103 este nevoie de mai mult\u0103 comunicare \u015fi ne deterin\u0103 s\u0103 fim \u015fi mai angaja\u0163i \u00eentr-un dialog consistent \u015fi pragmatic pe plan extern.\u00a0<\/strong><\/p>\n<p>Am venit cu aceast\u0103 ini\u0163iativ\u0103 ce prive\u015fte retragerea trupelor ruse de pe teritoriul \u0163\u0103rii anul trecut \u015fi am formulat-o \u00een mod expres \u00een discursul pe care l-am rostit de la tribuma ONU \u00een cadrul Adun\u0103rii Generale din septembrie.<\/p>\n<p>Votul este \u00een primul r\u00e2nd un rezultat al nostru, al celor care \u00een primul r\u00e2nd \u0163ine la indepependen\u0163a \u015fi integritatea \u0163\u0103rii noastre.<\/p>\n<p>De asemenea este pentru noi un semnal de \u00eencredere \u015fi solidaritate din partea Comuni\u0163\u0103\u0163ii Interna\u0163ionale. <strong>Vreau s\u0103 amintesc aici c\u0103 Republica Molodva a pledat \u00eenc\u0103 din anii 90 \u00een cadrul ONU \u015fi OSCE, dar \u015fi \u00een cadrul dialogului politic direct cu\u00a0Federa\u0163ia Rus\u0103 pentru retragerea complet\u0103 a trupelor ruse \u015fi muni\u0163iilor, reminiscen\u0163ele fostei armate a 14-a sovietice, mai ales c\u0103 prin acordul din 1992 Moscova s-a angajat s\u0103 poarte negocieri cu Guvernul de la Chi\u015fin\u0103u \u00een acest sens.<\/strong> Cu p\u0103rere de r\u0103u, Acordul moldo-rus privind retragerea\u00a0forma\u0163iunilor militare ale Federa\u0163iei Ruse semnat \u00een octombrie 1993 a r\u0103mas liter\u0103 moart\u0103 din cauza refuzului Kremlinului de a-l pune \u00een aplicare.<\/p>\n<p>\u0162in s\u0103 fac aici o precizare. Noi insist\u0103m \u00een ceea ce prive\u015fte retragerea complet\u0103 anume a grupului operativ de trupe ruse, pentru c\u0103 aceste se afl\u0103 ilegal pe teritoriul \u0163\u0103rii f\u0103r\u0103 consem\u0163\u0103m\u00e2ntul nostru. Documentul nu vizeaz\u0103 \u00een niciun fel contingentul militar rus al for\u0163elor de men\u0163inere a p\u0103cii de pe Nistru disclocat \u00een conformitate cu prevederile Acordului moldo-rus de \u00eencetare a focului din 1992.<\/p>\n<p>Dup\u0103 cum \u015fti\u0163i, Chi\u015fin\u0103ul \u015fi-a expus \u00een repetate r\u00e2nduri \u00eengrijor\u0103rile privind intensificarea \u00een ultimul timp a exerci\u0163iilor desf\u0103\u015furate de c\u0103tre\u00a0GOTR \u00een comun cu structurile de for\u0163e ale regimului de la Tiraspol care constituie o amenin\u0163are direct\u0103 la integritatea \u015fi suveranitatea Republicii Moldova cre\u00e2nd noi tensiuni \u00een regiune \u00een contextul crizei din Ucraina. <strong>Chiar ultimile mi\u015fc\u0103ri ce au avut loc prin zonele de securitate a blindatelor de la Tiraspol, ast\u0103zi, noaptea la ora 04:00 ne fac s\u0103 avem \u00eengrijor\u0103ri \u00een acest sens.\u00a0<\/strong><\/p>\n<p>Decizia de ieri \u00eenseamn\u0103 \u00eenc\u0103 un pas \u00een eforturile noastre consecvente ceea ce prive\u015fte consolodarea integrit\u0103\u0163ii \u0163\u0103rii. Anul trecut am cerut expres la Adunarea general\u0103 ONU retragerea trupelor ruse, anul acesta am reu\u015fit rezultate pe care eu le numesc cu adev\u0103rat istorice. \u015ei m\u0103 refer aici la faptul c\u0103 pentru prima dat\u0103 Republica Molva \u00ee\u015fi poate controla integral frontiera inclusiv pe segmentul transnistrean.<\/p>\n<p><strong>Am reu\u015fit de asemenea \u00een acest an progrese importante \u00een ceea ce prive\u015fte reglementarea conflictului transnistrean. Schimb\u0103ri clare pentru cet\u0103\u0163eni legate de transpor, comunica\u0163ii, educa\u0163ie, terenuri agricole \u015fi altele, iar ieri la acest \u015fir logic s-a ad\u0103ugat \u015fi decizia de la Organiza\u0163ia Na\u0163iunilor Unite prin aprobarea acestei rezolu\u0163ii.\u00a0<\/strong><\/p>\n<p>Aceste evenimente unul dup\u0103 altul arat\u0103 c\u0103 angajamentul pe care Guvernul \u00een acest sens nu este un z\u0103darnic ci unul sistemic, profund \u015fi pe termen lung. Prin rezolu\u0163ia aprobat\u0103 ne asigur\u0103m c\u0103 acest subiect va r\u0103m\u00e2ne constant pe agenda Adun\u0103rii Generale ONU p\u00e2n\u0103 c\u00e2nd ultimul soldat rus nu va p\u0103r\u0103si teritoriul Republicii Moldova.<\/p>\n<p><strong>Noi nu vom renun\u0163a la acest subiect pe l\u00e2ng\u0103 drumuri, pensii \u015fi salarii cet\u0103\u0163enii no\u015ftri mai au mevoie s\u0103 se simt\u0103 m\u00e2ndri \u00een \u0163ara lor, iar Republica Moldova merit\u0103 s\u0103 fie tratat\u0103 cu respect, iar acest lucru este f\u0103cut de Guvernul pe care am onoarea s\u0103-l reprezint.\u00a0<\/strong><\/p><\/blockquote>\n<p>Ideea acestei rezolu\u0163ii \u00eei apar\u0163ine premierului Pavel Filip. Tot el a fost cel care, \u00een septembrie 2017, a anun\u0163at-o de la tribuna ONU. Al\u0103turi de Moldova, proiectul de rezolu\u0163ie a fost semnat de Rom\u00e2nia, Ucraina, Georgia, Estonia, Letonia, Lituania \u015fi Canada.<\/p>\n<p><strong> \u00cen textul acestuia sunt trecute angajamentele luate de Rusia \u00een cadrul summitului OSCE de la Istanbul din 1999, cu privire la retragerea armamentului \u015fi a trupelor dislocate \u00een regiunea transnistrean\u0103. \u00cen document se subliniaz\u0103 c\u0103 este vorba de militarii ru\u015fi din grupul operativ \u015fi nu de trupele ruse de men\u0163inere a p\u0103cii.<\/strong><\/p>\n<p>Cite\u0219te mai mult: <a href=\"https:\/\/www.publika.md\/pavel-filip-despre-rezolutia-privind-retragerea-trupelor-ruse-acest-subiect-va-ramane-constant-pe-agenda-onu-pana-cand-ultimul-soldat-rus-nu-va-parasi-teritoriul-tarii-_3010467.html#ixzz5JGaV1WkY\">https:\/\/www.publika.md\/pavel-filip-despre-rezolutia-privind-retragerea-trupelor-ruse-acest-subiect-va-ramane-constant-pe-agenda-onu-pana-cand-ultimul-soldat-rus-nu-va-parasi-teritoriul-tarii-_3010467.html#ixzz5JGaV1WkY<\/a><\/p>\n","protected":false},"excerpt":{"rendered":"<p>Aprobarea rezolu\u0163iei ONU privind retragerea trupelor ruse de pe teritoriul \u0163\u0103rii noastre a devenit posibil\u0103 datorit\u0103 efortului autorit\u0103\u0163ilor de la Chi\u015fin\u0103u \u015fi a diploma\u0163iei moldovene\u015fti. Aceast\u0103 decizie este un semnal de solidaritate \u015fi reprezint\u0103 o victorie pentru cei care \u0163in la independen\u0163a \u015fi integritatea Republicii Moldova. Declara\u0163iile au fost f\u0103cute de premierul Pavel Filip \u00een&#8230;<\/p>\n","protected":false},"author":2,"featured_media":0,"comment_status":"closed","ping_status":"open","sticky":false,"template":"","format":"standard","meta":[],"categories":[1],"tags":[],"_links":{"self":[{"href":"https:\/\/centers.ulbsibiu.ro\/ccsprise\/lact\/wp-json\/wp\/v2\/posts\/4982"}],"collection":[{"href":"https:\/\/centers.ulbsibiu.ro\/ccsprise\/lact\/wp-json\/wp\/v2\/posts"}],"about":[{"href":"https:\/\/centers.ulbsibiu.ro\/ccsprise\/lact\/wp-json\/wp\/v2\/types\/post"}],"author":[{"embeddable":true,"href":"https:\/\/centers.ulbsibiu.ro\/ccsprise\/lact\/wp-json\/wp\/v2\/users\/2"}],"replies":[{"embeddable":true,"href":"https:\/\/centers.ulbsibiu.ro\/ccsprise\/lact\/wp-json\/wp\/v2\/comments?post=4982"}],"version-history":[{"count":1,"href":"https:\/\/centers.ulbsibiu.ro\/ccsprise\/lact\/wp-json\/wp\/v2\/posts\/4982\/revisions"}],"predecessor-version":[{"id":4983,"href":"https:\/\/centers.ulbsibiu.ro\/ccsprise\/lact\/wp-json\/wp\/v2\/posts\/4982\/revisions\/4983"}],"wp:attachment":[{"href":"https:\/\/centers.ulbsibiu.ro\/ccsprise\/lact\/wp-json\/wp\/v2\/media?parent=4982"}],"wp:term":[{"taxonomy":"category","embeddable":true,"href":"https:\/\/centers.ulbsibiu.ro\/ccsprise\/lact\/wp-json\/wp\/v2\/categories?post=4982"},{"taxonomy":"post_tag","embeddable":true,"href":"https:\/\/centers.ulbsibiu.ro\/ccsprise\/lact\/wp-json\/wp\/v2\/tags?post=4982"}],"curies":[{"name":"wp","href":"https:\/\/api.w.org\/{rel}","templated":true}]}}