{"id":4978,"date":"2018-06-22T19:21:53","date_gmt":"2018-06-22T17:21:53","guid":{"rendered":"https:\/\/centers.ulbsibiu.ro\/ccsprise\/lact\/?p=4978"},"modified":"2018-06-22T19:21:53","modified_gmt":"2018-06-22T17:21:53","slug":"infotag-md-reprezentantii-politici-ai-chisinaului-si-tiraspolului-considera-ca-toate-intelegerile-incheiate-se-respecta","status":"publish","type":"post","link":"https:\/\/centers.ulbsibiu.ro\/ccsprise\/lact\/infotag-md-reprezentantii-politici-ai-chisinaului-si-tiraspolului-considera-ca-toate-intelegerile-incheiate-se-respecta\/","title":{"rendered":"Infotag.md &#8211; REPREZENTAN\u0162II POLITICI AI CHI\u015eIN\u0102ULUI \u015eI TIRASPOLULUI CONSIDER\u0102 C\u0102 TOATE \u00ceN\u0162ELEGERILE \u00ceNCHEIATE SE RESPECT\u0102"},"content":{"rendered":"<p>Reprezentan\u0163ii politici ai Chi\u015fin\u0103ului \u015fi Tiraspolului, Cristina Lesnic \u015fi Vitalii Ignatiev, au ajuns la concluzia c\u0103 toate acordurile \u00eencheiate \u00een cadrul procesului de negocieri se desf\u0103\u0219oar\u0103 \u00een conformitate cu programul stabilit.<\/p>\n<p>Potrivit agen\u0163iei INFOTAG, despre aceasta ei au declarat \u00een cadrul unei conferin\u0163e de pres\u0103 dup\u0103 \u00eentrevederea \u00een formatul \u201e1+1\u201d, care s-a desf\u0103\u015furat joi la sediul Misiunii OSCE din Chi\u0219in\u0103u.<\/p>\n<p>\u201eAm discutat multe probleme, am f\u0103cut bilan\u0163ul celor \u0219ase luni de activitate din acest an. \u00cen acest timp, au avut loc 45 de \u015fedin\u0163e cu participarea reprezentan\u021bilor politici \u0219i grupurilor de lucru sectoriale. Am ajuns la concluzia c\u0103 aceste grupuri sunt eficiente, exist\u0103 o dinamic\u0103 pozitiv\u0103\u201d, a spus Lesnic.<\/p>\n<p>La r\u00e2ndul s\u0103u, Ignatiev a subliniat c\u0103 \u201ese realizeaz\u0103 deciziile protocolare care au fost semnate anul trecut, precum \u0219i \u00een cadrul protocolului \u201eBerlin +\u201d \u0219i al Protocolului de la Roma din acest an\u201d.<\/p>\n<p>\u201eTransnistria \u00ee\u015fi men\u0163ine ata\u015famentul pentru respectarea acordurilor \u00eencheiate \u0219i realizarea acestora \u00een termenul convenit. Acum se lucreaz\u0103 intens, la un nivel bun, \u0219i sper\u0103, s\u0103 nu avem surprize nepl\u0103cute\u201d, a spus Ignatiev.<\/p>\n<p>Vicepremierul moldovean a informat c\u0103 joi au fost discutate \u015fi un \u015fir de aspecte noi. \u00cen special, \u0219i-a reluat activitatea subgrupul pentru drepturile omului, care se va ocupa de respectarea drepturilor copiilor, de eliminarea abuzului asupra copiilor \u0219i a violen\u021bei \u00een familie \u0219i de protejarea drepturilor persoanelor cu dizabilit\u0103\u0163i. Potrivit ei, au mai fost discutate probleme ce \u0163in de furnizarea de medicamente \u00een regiunea transnistrean\u0103, eforturile comune \u00een combaterea tuberculozei \u0219i a SIDA.<\/p>\n<p>\u201e\u00centr-adev\u0103r, am discutat aceste aspecte, care se refer\u0103 la interesele cet\u0103\u021benilor. Am remarcat c\u0103 problemele legate de drepturile omului nu pot fi politizate, ci trebuie solu\u021bionate\u201d, a men\u021bionat Ignatiev.<\/p>\n<p>El a mai spus c\u0103 \u0219i-a reluat activitatea \u015fi subgrupul privind cooperarea interbancar\u0103, lucru \u201efoarte important pentru agen\u021bii economici\u201d.<\/p>\n<p>\u201eNe-am exprimat \u00eengrijorarea cu privire la restric\u021biile care exist\u0103 la importul unor tipuri de m\u0103rfuri \u00een Transnistria. Noi ac\u0163ion\u0103m din faptul c\u0103 orice restric\u021bii sunt contraproductive. Am fost informa\u021bi c\u0103 a fost prelungit\u0103 hot\u0103r\u00e2rea de guvern privind importul de produse petroliere \u00een Transnistria, pe ramura sudic\u0103, Cuciurgan &#8211; Novosavi\u0163caia, dar exist\u0103 probleme pe ramura de nord, R\u00eebni\u0163a &#8211; Slobodka. Acesta este unul dintre indicatorii impactului negativ al punctului comun de control la frontier\u0103, care a fost instituit de Moldova \u0219i Ucraina la Cuciurgan\u201d, a spus Ignatiev.<\/p>\n<p>Negociatorii au anun\u021bat c\u0103 vineri vor desf\u0103\u015fura o \u0219edin\u021b\u0103 comun\u0103 la Dub\u0103sari, unde vor rezolva problemele privind accesul fermierilor moldoveni la terenurile din Transnistria, \u00een conformitate cu decizia protocolar\u0103 semnat\u0103 anul trecut. Participan\u021bii la conferin\u021ba de pres\u0103 \u0219i-au exprimat \u00eencrederea c\u0103 aceast\u0103 problem\u0103 va fi rezolvat\u0103 \u00een termenul stabilit, p\u00e2n\u0103 la 1 august.<\/p>\n<p>Sursa:\u00a0<a href=\"http:\/\/www.infotag.md\/rebelion-ro\/264156\/\">http:\/\/www.infotag.md\/<\/a><\/p>\n","protected":false},"excerpt":{"rendered":"<p>Reprezentan\u0163ii politici ai Chi\u015fin\u0103ului \u015fi Tiraspolului, Cristina Lesnic \u015fi Vitalii Ignatiev, au ajuns la concluzia c\u0103 toate acordurile \u00eencheiate \u00een cadrul procesului de negocieri se desf\u0103\u0219oar\u0103 \u00een conformitate cu programul stabilit. Potrivit agen\u0163iei INFOTAG, despre aceasta ei au declarat \u00een cadrul unei conferin\u0163e de pres\u0103 dup\u0103 \u00eentrevederea \u00een formatul \u201e1+1\u201d, care s-a desf\u0103\u015furat joi la&#8230;<\/p>\n","protected":false},"author":2,"featured_media":0,"comment_status":"closed","ping_status":"open","sticky":false,"template":"","format":"standard","meta":[],"categories":[1],"tags":[],"_links":{"self":[{"href":"https:\/\/centers.ulbsibiu.ro\/ccsprise\/lact\/wp-json\/wp\/v2\/posts\/4978"}],"collection":[{"href":"https:\/\/centers.ulbsibiu.ro\/ccsprise\/lact\/wp-json\/wp\/v2\/posts"}],"about":[{"href":"https:\/\/centers.ulbsibiu.ro\/ccsprise\/lact\/wp-json\/wp\/v2\/types\/post"}],"author":[{"embeddable":true,"href":"https:\/\/centers.ulbsibiu.ro\/ccsprise\/lact\/wp-json\/wp\/v2\/users\/2"}],"replies":[{"embeddable":true,"href":"https:\/\/centers.ulbsibiu.ro\/ccsprise\/lact\/wp-json\/wp\/v2\/comments?post=4978"}],"version-history":[{"count":1,"href":"https:\/\/centers.ulbsibiu.ro\/ccsprise\/lact\/wp-json\/wp\/v2\/posts\/4978\/revisions"}],"predecessor-version":[{"id":4979,"href":"https:\/\/centers.ulbsibiu.ro\/ccsprise\/lact\/wp-json\/wp\/v2\/posts\/4978\/revisions\/4979"}],"wp:attachment":[{"href":"https:\/\/centers.ulbsibiu.ro\/ccsprise\/lact\/wp-json\/wp\/v2\/media?parent=4978"}],"wp:term":[{"taxonomy":"category","embeddable":true,"href":"https:\/\/centers.ulbsibiu.ro\/ccsprise\/lact\/wp-json\/wp\/v2\/categories?post=4978"},{"taxonomy":"post_tag","embeddable":true,"href":"https:\/\/centers.ulbsibiu.ro\/ccsprise\/lact\/wp-json\/wp\/v2\/tags?post=4978"}],"curies":[{"name":"wp","href":"https:\/\/api.w.org\/{rel}","templated":true}]}}