{"id":4973,"date":"2018-06-22T19:14:20","date_gmt":"2018-06-22T17:14:20","guid":{"rendered":"https:\/\/centers.ulbsibiu.ro\/ccsprise\/lact\/?p=4973"},"modified":"2018-06-22T19:14:20","modified_gmt":"2018-06-22T17:14:20","slug":"gov-md-intrevederea-reprezentantilor-politici-in-procesul-de-negocieri-la-dubasari","status":"publish","type":"post","link":"https:\/\/centers.ulbsibiu.ro\/ccsprise\/lact\/gov-md-intrevederea-reprezentantilor-politici-in-procesul-de-negocieri-la-dubasari\/","title":{"rendered":"Gov.md &#8211; \u00centrevederea reprezentan\u021bilor politici \u00een procesul de negocieri la Dub\u0103sari"},"content":{"rendered":"<p>La 22 iunie curent, reprezentan\u021bii politici pentru reglementarea conflictului transnistrean, Cristina Lesnic \u0219i Vitalie Ignatiev, s-au \u00eent\u00e2lnit \u00een cadrul unei \u0219edin\u021be de lucru \u00een ora\u0219ul Dub\u0103sari, la care a participat conducerea raionului Dub\u0103sari, \u0219eful adjunct al Oficiului teritorial Chi\u0219in\u0103u, reprezentantul Departamentului Cadastru al Agen\u021biei Servicii Publice, primarii \u0219i agen\u021bi economici a unor localit\u0103\u021bi din raionul Dub\u0103sari (s. Cocieri \u0219i s. Doro\u021bcaia), precum \u0219i unii proprietari de terenuri.<\/p>\n<p>\u00cen cadrul discu\u021biilor s-a abordat mersul procedurii cu privire la revendicarea terenurilor, fiind oferite consulta\u021biile necesare pentru dep\u0103\u0219irea unor disensiuni ce apar \u00een procesul de implementare.<\/p>\n<p>Totodat\u0103, au fost stabili\u021bi urm\u0103torii pa\u0219i care urmeaz\u0103 a fi realiza\u021bi \u00een vederea asigur\u0103rii dreptului de posesie \u0219i folosin\u021b\u0103 asupra terenurilor dup\u0103 traseul R\u00e2bni\u021ba-Tiraspol, de c\u0103tre fermierii din raionul Dub\u0103sari.<\/p>\n<p>\u00cen cadrul discu\u021biilor au fost abordate \u0219i alte subiecte care vizeaz\u0103\u00a0 garan\u021biile de mai departe a activit\u0103\u021bilor fermierilor, de a nu fi restric\u021biona\u021bi \u00een alte drepturi ce decurg din dreptul de folosin\u021b\u0103 a terenurilor, cum ar fi recoltarea \u0219i transportarea produselor agricole f\u0103r\u0103 careva impedimente.<\/p>\n<p>Participan\u021bii \u0219i-au expus deschiderea \u0219i \u00een continuare de a eficientiza procesul de negocieri, \u00een vederea asigur\u0103rii drepturilor \u0219i garan\u021biilor fundamentale ale cet\u0103\u021benilor.<\/p>\n<p>Sursa:\u00a0<a href=\"https:\/\/gov.md\/ro\/content\/intrevederea-reprezentantilor-politici-procesul-de-negocieri-la-dubasari\">https:\/\/gov.md\/<\/a><\/p>\n","protected":false},"excerpt":{"rendered":"<p>La 22 iunie curent, reprezentan\u021bii politici pentru reglementarea conflictului transnistrean, Cristina Lesnic \u0219i Vitalie Ignatiev, s-au \u00eent\u00e2lnit \u00een cadrul unei \u0219edin\u021be de lucru \u00een ora\u0219ul Dub\u0103sari, la care a participat conducerea raionului Dub\u0103sari, \u0219eful adjunct al Oficiului teritorial Chi\u0219in\u0103u, reprezentantul Departamentului Cadastru al Agen\u021biei Servicii Publice, primarii \u0219i agen\u021bi economici a unor localit\u0103\u021bi din raionul&#8230;<\/p>\n","protected":false},"author":2,"featured_media":0,"comment_status":"closed","ping_status":"open","sticky":false,"template":"","format":"standard","meta":[],"categories":[1],"tags":[],"_links":{"self":[{"href":"https:\/\/centers.ulbsibiu.ro\/ccsprise\/lact\/wp-json\/wp\/v2\/posts\/4973"}],"collection":[{"href":"https:\/\/centers.ulbsibiu.ro\/ccsprise\/lact\/wp-json\/wp\/v2\/posts"}],"about":[{"href":"https:\/\/centers.ulbsibiu.ro\/ccsprise\/lact\/wp-json\/wp\/v2\/types\/post"}],"author":[{"embeddable":true,"href":"https:\/\/centers.ulbsibiu.ro\/ccsprise\/lact\/wp-json\/wp\/v2\/users\/2"}],"replies":[{"embeddable":true,"href":"https:\/\/centers.ulbsibiu.ro\/ccsprise\/lact\/wp-json\/wp\/v2\/comments?post=4973"}],"version-history":[{"count":1,"href":"https:\/\/centers.ulbsibiu.ro\/ccsprise\/lact\/wp-json\/wp\/v2\/posts\/4973\/revisions"}],"predecessor-version":[{"id":4974,"href":"https:\/\/centers.ulbsibiu.ro\/ccsprise\/lact\/wp-json\/wp\/v2\/posts\/4973\/revisions\/4974"}],"wp:attachment":[{"href":"https:\/\/centers.ulbsibiu.ro\/ccsprise\/lact\/wp-json\/wp\/v2\/media?parent=4973"}],"wp:term":[{"taxonomy":"category","embeddable":true,"href":"https:\/\/centers.ulbsibiu.ro\/ccsprise\/lact\/wp-json\/wp\/v2\/categories?post=4973"},{"taxonomy":"post_tag","embeddable":true,"href":"https:\/\/centers.ulbsibiu.ro\/ccsprise\/lact\/wp-json\/wp\/v2\/tags?post=4973"}],"curies":[{"name":"wp","href":"https:\/\/api.w.org\/{rel}","templated":true}]}}