{"id":4970,"date":"2018-06-21T18:09:08","date_gmt":"2018-06-21T16:09:08","guid":{"rendered":"https:\/\/centers.ulbsibiu.ro\/ccsprise\/lact\/?p=4970"},"modified":"2018-06-21T18:09:39","modified_gmt":"2018-06-21T16:09:39","slug":"gov-md-astazi-in-vizorul-comisiei-unificate-de-control-a-fost-miscarea-neautorizata-a-efectivelor-militare-ruse-in-zona-de-securitate","status":"publish","type":"post","link":"https:\/\/centers.ulbsibiu.ro\/ccsprise\/lact\/gov-md-astazi-in-vizorul-comisiei-unificate-de-control-a-fost-miscarea-neautorizata-a-efectivelor-militare-ruse-in-zona-de-securitate\/","title":{"rendered":"Gov.md &#8211; Ast\u0103zi \u00een vizorul Comisiei Unificate de Control a fost mi\u0219carea neautorizat\u0103 a efectivelor militare ruse \u00een Zona de Securitate"},"content":{"rendered":"<p>Pentru prima dat\u0103 \u00een ultimele 4 luni, la \u0219edin\u021ba Comisiei Unificate de Control (CUC) din 21 iunie curent, Comandamentul Militar \u00centrunit (CM\u00ce) nu a fost gata s\u0103 prezinte raportul s\u0103pt\u0103m\u00e2nal privind situa\u021bia din Zona de Securitate, din motiv c\u0103 nu s-a atins consensul pentru semnarea acestuia de c\u0103tre comandan\u021bii militari superiori din partea Federa\u021biei Ruse, Ucrainei, Republicii Moldova \u0219i regiunii transnistrene.<\/p>\n<p>Astfel, unul din subiectele reflectate \u00een proiectul raportului se refer\u0103 la \u00eenc\u0103lcarea grav\u0103 a regimului Zonei de Securitate, care a avut loc la 14 iunie curent prin deplasarea pe traseul Tiraspol \u2013 R\u00e2bni\u021ba a trei coloane cu tehnic\u0103 militar\u0103 auto \u0219i blindat\u0103 de diferite tipuri apar\u021bin\u00e2nd Grupului Operativ al Trupelor Ruse. Reprezentan\u021bii din partea Federa\u021biei Ruse \u0219i Tiraspolului s-au opus anex\u0103rii la raport a imaginilor video identificate de grupul observatorilor militari care s-a deplasat \u00een acea zi la fa\u021ba locului pentru a se documenta asupra cazului.<\/p>\n<p>Delega\u021bia Federa\u021biei Ruse \u0219i-a expus pozi\u021bia printr-o not\u0103, \u00een care men\u021bioneaz\u0103 c\u0103 \u201epotrivit informa\u021biilor operative, \u00een perioada desf\u0103\u0219ur\u0103rii Campionatului Mondial la fotbal, nu au fost excluse acte de terorism \u0219i ac\u021biuni provocatoare asupra obiectivelor Ministerului Ap\u0103r\u0103rii rus. \u00cen leg\u0103tur\u0103 cu aceasta, pentru sporirea m\u0103surilor de securitate la depozitele din localitatea Colbasna a fost luat\u0103 decizia de a \u00eent\u0103ri \u00een mod corespunz\u0103tor paza acestui obiectiv.\u201d<\/p>\n<p>\u0218eful delega\u021biei ruse, Ilia Uvarov, \u00eentr-o manier\u0103 sfid\u0103toare a ad\u0103ugat c\u0103 prin aceste ac\u021biuni Grupul Operativ al Trupelor Ruse ar fi ac\u021bionat consecvent \u0219i operativ f\u0103r\u0103 a aduce prejudicii opera\u021biunii de pacificare.<\/p>\n<p>Reprezentantul Ucrainei \u00een CUC \u0219i-a exprimat profunda \u00eengrijorare \u00een leg\u0103tur\u0103 cu deplasarea neautorizat\u0103 a coloanelor militare \u00een imediata apropiere a frontierei ucrainene, dar \u0219i \u00een leg\u0103tur\u0103 cu faptul c\u0103 CUC \u0219i CM\u00ce nu au fost informate prompt despre preg\u0103tirea unor acte de terorism sau provoc\u0103ri asupra depozitului de muni\u021bie din Colbasna.<\/p>\n<p>Reprezentan\u021bii Misiunii OSCE au cerut delega\u021biei ruse s\u0103 asigure re\u00eentoarcerea acestor efective militare la locul disloc\u0103rii sub controlul mecanismului de pacificare.<\/p>\n<p>\u00cen alt context men\u021bion\u0103m, c\u0103 tot la 21 iunie, \u00een or. Bender a avut loc o \u00eentrunire separat\u0103 a conduc\u0103torilor delega\u021biilor din cadrul Comisiei, reprezentan\u021bilor Ucrainei \u0219i Misiunii OSCE \u00een Republica Moldova, care au f\u0103cut un schimb de opinii privind ac\u021biunile CUC \u0219i CM\u00ce \u00een ceea ce prive\u0219te asigurarea securit\u0103\u021bii pe podul din preajma satelor Gura B\u00e2cului \u0219i B\u00e2cioc.<\/p>\n<p>Discu\u021biile vor continua la urm\u0103toarea \u0219edin\u021b\u0103 a CUC care va avea loc la 28 iunie 2018.<\/p>\n<p>&nbsp;<\/p>\n<p><strong>Delega\u021bia Republicii Moldova \u00een CUC\u00a0<\/strong><\/p>\n<p>&nbsp;<\/p>\n<p>Sursa:\u00a0<a href=\"https:\/\/gov.md\/ro\/content\/astazi-vizorul-comisiei-unificate-de-control-fost-miscarea-neautorizata-efectivelor-militare\">https:\/\/gov.md\/<\/a><\/p>\n","protected":false},"excerpt":{"rendered":"<p>Pentru prima dat\u0103 \u00een ultimele 4 luni, la \u0219edin\u021ba Comisiei Unificate de Control (CUC) din 21 iunie curent, Comandamentul Militar \u00centrunit (CM\u00ce) nu a fost gata s\u0103 prezinte raportul s\u0103pt\u0103m\u00e2nal privind situa\u021bia din Zona de Securitate, din motiv c\u0103 nu s-a atins consensul pentru semnarea acestuia de c\u0103tre comandan\u021bii militari superiori din partea Federa\u021biei Ruse,&#8230;<\/p>\n","protected":false},"author":2,"featured_media":0,"comment_status":"closed","ping_status":"open","sticky":false,"template":"","format":"standard","meta":[],"categories":[1],"tags":[],"_links":{"self":[{"href":"https:\/\/centers.ulbsibiu.ro\/ccsprise\/lact\/wp-json\/wp\/v2\/posts\/4970"}],"collection":[{"href":"https:\/\/centers.ulbsibiu.ro\/ccsprise\/lact\/wp-json\/wp\/v2\/posts"}],"about":[{"href":"https:\/\/centers.ulbsibiu.ro\/ccsprise\/lact\/wp-json\/wp\/v2\/types\/post"}],"author":[{"embeddable":true,"href":"https:\/\/centers.ulbsibiu.ro\/ccsprise\/lact\/wp-json\/wp\/v2\/users\/2"}],"replies":[{"embeddable":true,"href":"https:\/\/centers.ulbsibiu.ro\/ccsprise\/lact\/wp-json\/wp\/v2\/comments?post=4970"}],"version-history":[{"count":2,"href":"https:\/\/centers.ulbsibiu.ro\/ccsprise\/lact\/wp-json\/wp\/v2\/posts\/4970\/revisions"}],"predecessor-version":[{"id":4972,"href":"https:\/\/centers.ulbsibiu.ro\/ccsprise\/lact\/wp-json\/wp\/v2\/posts\/4970\/revisions\/4972"}],"wp:attachment":[{"href":"https:\/\/centers.ulbsibiu.ro\/ccsprise\/lact\/wp-json\/wp\/v2\/media?parent=4970"}],"wp:term":[{"taxonomy":"category","embeddable":true,"href":"https:\/\/centers.ulbsibiu.ro\/ccsprise\/lact\/wp-json\/wp\/v2\/categories?post=4970"},{"taxonomy":"post_tag","embeddable":true,"href":"https:\/\/centers.ulbsibiu.ro\/ccsprise\/lact\/wp-json\/wp\/v2\/tags?post=4970"}],"curies":[{"name":"wp","href":"https:\/\/api.w.org\/{rel}","templated":true}]}}