{"id":4964,"date":"2018-06-21T18:00:48","date_gmt":"2018-06-21T16:00:48","guid":{"rendered":"https:\/\/centers.ulbsibiu.ro\/ccsprise\/lact\/?p=4964"},"modified":"2018-06-21T18:00:48","modified_gmt":"2018-06-21T16:00:48","slug":"publika-md-moldova-a-solicitat-statelor-participante-la-osce-sa-sustina-la-onu-rezolutia-privind-retragerea-trupelor-rusesti-de-pe-teritoriul-tarii","status":"publish","type":"post","link":"https:\/\/centers.ulbsibiu.ro\/ccsprise\/lact\/publika-md-moldova-a-solicitat-statelor-participante-la-osce-sa-sustina-la-onu-rezolutia-privind-retragerea-trupelor-rusesti-de-pe-teritoriul-tarii\/","title":{"rendered":"Publika.md &#8211; Moldova a solicitat statelor participante la OSCE s\u0103 sus\u021bin\u0103 la ONU rezolu\u021bia privind retragerea trupelor ruse\u0219ti de pe teritoriul \u021b\u0103rii"},"content":{"rendered":"<p class=\"x_MsoNoSpacing\"><strong><span lang=\"RO\">Republca Moldova a solicitat statelor participante la OSCE s\u0103 sus\u021bin\u0103 la ONU rezolu\u021bia privind retragerea trupelor \u0219i muni\u021biilor ruse\u0219ti de pe teritoriul \u021b\u0103rii noastre.\u00a0<\/span><\/strong><\/p>\n<p class=\"x_MsoNoSpacing\"><span lang=\"RO\">Ambasadorul Victor Osipov, reprezentant permanent al Republicii Moldova pe l\u00e2ng\u0103 OSCE, a prezentat \u00een cadrul Forumului pentru Cooperare \u00een domeniul Securit\u0103\u021bii (FCS),<strong> o declara\u021bie \u00een care a abordat chestiuni legate de prezen\u021ba militar\u0103 str\u0103in\u0103 ilegal\u0103 pe teritoriul \u021b\u0103rii noastre. <\/strong><\/span><\/p>\n<p class=\"x_MsoNoSpacing\"><span lang=\"RO\">Reprezentantul permanent al Republicii Moldova pe l\u00e2ng\u0103 OSCE a men\u021bionat c\u0103 <strong>prin Declara\u021bia final\u0103 a Summitului OSCE de la Istanbul din 1999, statele participante au stabilit obliga\u021bia de retragere a trupelor ruse\u0219ti de pe teritoriul suveran al Republicii Moldova, accentu\u00e2nd c\u0103 acest proces, care ini\u021bial a \u00eenregistrat un progres notabil, ulterior a fost suspendat, iar a\u0219a-numitul Grup Operativ de Trupe Ruse (GOTR) a continuat s\u0103 se afle ilegal, f\u0103r\u0103 acceptul \u021b\u0103rii-gazd\u0103, pe teritoriul Republicii Moldova.\u00a0 <\/strong><\/span><\/p>\n<p class=\"x_MsoNoSpacing\"><span lang=\"RO\">&#8220;Necesitatea de a asigura paza stocurilor de muni\u0163ii de la Cobasna, care trebuie s\u0103 fie evacuate \u015fi lichidate, sau \u00eencerc\u0103rile de a face o leg\u0103tur\u0103 \u00eentre GOTR \u015fi trupele ruse de pacificare sunt tertipuri de justificare inacceptabile&#8221;, a declarat ambasadorul Osipov.<\/span><\/p>\n<p class=\"x_MsoNoSpacing\"><span lang=\"RO\">Referindu-se la evolu\u0163iile curente \u00een materie de securitate, <strong>Victor Osipov a abordat problema cre\u015fterii num\u0103rului de exerci\u0163ii militare, efectuate de GOTR \u015fi de forma\u0163iunile paramilitare transnistrene\u00a0\u00een 2017 \u0219i \u00een primele 6 luni ale acestui an. <\/strong><\/span><\/p>\n<p class=\"x_MsoNoSpacing\"><span lang=\"RO\">\u00cen final, ambasadorul Victor Osipov a subliniat importan\u0163a reducerii nivelului de tensiune \u00een regiunile de conflict \u015fi a chemat toate statele participante la OSCE s\u0103 sus\u0163in\u0103 \u00een cadrul Adun\u0103rii Generale a ONU ini\u0163iativa autorit\u0103\u0163ilor moldovene\u015fti\u00a0privind retragerea complet\u0103 \u015fi necondi\u0163ionat\u0103 a for\u0163elor militare str\u0103ine de pe teritoriul Republicii Moldova.<\/span><\/p>\n<p>Cite\u0219te mai mult: <a href=\"https:\/\/www.publika.md\/moldova-a-solicitat-statelor-participante-la-osce-sa-sustina-la-onu-rezolutia-privind-retragerea-trupelor-rusesti-de-pe-teritoriul-tarii_3010290.html#ixzz5J4mkcMiB\">https:\/\/www.publika.md\/moldova-a-solicitat-statelor-participante-la-osce-sa-sustina-la-onu-rezolutia-privind-retragerea-trupelor-rusesti-de-pe-teritoriul-tarii_3010290.html#ixzz5J4mkcMiB<\/a><\/p>\n","protected":false},"excerpt":{"rendered":"<p>Republca Moldova a solicitat statelor participante la OSCE s\u0103 sus\u021bin\u0103 la ONU rezolu\u021bia privind retragerea trupelor \u0219i muni\u021biilor ruse\u0219ti de pe teritoriul \u021b\u0103rii noastre.\u00a0 Ambasadorul Victor Osipov, reprezentant permanent al Republicii Moldova pe l\u00e2ng\u0103 OSCE, a prezentat \u00een cadrul Forumului pentru Cooperare \u00een domeniul Securit\u0103\u021bii (FCS), o declara\u021bie \u00een care a abordat chestiuni legate de&#8230;<\/p>\n","protected":false},"author":2,"featured_media":0,"comment_status":"closed","ping_status":"open","sticky":false,"template":"","format":"standard","meta":[],"categories":[1],"tags":[],"_links":{"self":[{"href":"https:\/\/centers.ulbsibiu.ro\/ccsprise\/lact\/wp-json\/wp\/v2\/posts\/4964"}],"collection":[{"href":"https:\/\/centers.ulbsibiu.ro\/ccsprise\/lact\/wp-json\/wp\/v2\/posts"}],"about":[{"href":"https:\/\/centers.ulbsibiu.ro\/ccsprise\/lact\/wp-json\/wp\/v2\/types\/post"}],"author":[{"embeddable":true,"href":"https:\/\/centers.ulbsibiu.ro\/ccsprise\/lact\/wp-json\/wp\/v2\/users\/2"}],"replies":[{"embeddable":true,"href":"https:\/\/centers.ulbsibiu.ro\/ccsprise\/lact\/wp-json\/wp\/v2\/comments?post=4964"}],"version-history":[{"count":1,"href":"https:\/\/centers.ulbsibiu.ro\/ccsprise\/lact\/wp-json\/wp\/v2\/posts\/4964\/revisions"}],"predecessor-version":[{"id":4965,"href":"https:\/\/centers.ulbsibiu.ro\/ccsprise\/lact\/wp-json\/wp\/v2\/posts\/4964\/revisions\/4965"}],"wp:attachment":[{"href":"https:\/\/centers.ulbsibiu.ro\/ccsprise\/lact\/wp-json\/wp\/v2\/media?parent=4964"}],"wp:term":[{"taxonomy":"category","embeddable":true,"href":"https:\/\/centers.ulbsibiu.ro\/ccsprise\/lact\/wp-json\/wp\/v2\/categories?post=4964"},{"taxonomy":"post_tag","embeddable":true,"href":"https:\/\/centers.ulbsibiu.ro\/ccsprise\/lact\/wp-json\/wp\/v2\/tags?post=4964"}],"curies":[{"name":"wp","href":"https:\/\/api.w.org\/{rel}","templated":true}]}}