{"id":4960,"date":"2018-06-20T21:13:11","date_gmt":"2018-06-20T19:13:11","guid":{"rendered":"https:\/\/centers.ulbsibiu.ro\/ccsprise\/lact\/?p=4960"},"modified":"2018-06-20T21:13:11","modified_gmt":"2018-06-20T19:13:11","slug":"gov-md-intrevederea-viceprim-ministrului-cristina-lesnic-cu-ambasadorii-republicii-federale-germania-in-republica-moldova-si-in-romania","status":"publish","type":"post","link":"https:\/\/centers.ulbsibiu.ro\/ccsprise\/lact\/gov-md-intrevederea-viceprim-ministrului-cristina-lesnic-cu-ambasadorii-republicii-federale-germania-in-republica-moldova-si-in-romania\/","title":{"rendered":"Gov.md &#8211; \u00centrevederea Viceprim-ministrului Cristina Lesnic cu Ambasadorii Republicii Federale Germania \u00een Republica Moldova \u0219i \u00een Rom\u00e2nia"},"content":{"rendered":"<p>Ast\u0103zi, 20 iunie curent, Viceprim-ministrul Cristina Lesnic a avut o \u00eentrevedere cu Ambasadorul Republicii Federale Germania \u00een Republica Moldova Julia Monar \u0219i cu Ambasadorul Republicii Federale Germania \u00een Rom\u00e2nia Cord Meier-Klodt.<\/p>\n<p>\u00cen cadrul \u00eentrevederii oficialii au discutat despre ultimele evolu\u021bii \u00een procesul de negocieri \u0219i implicit \u00een contextul implement\u0103rii priorit\u0103\u021bilor din a\u0219a-numitul pachet Berlin plus, punct\u00e2nd \u0219i m\u0103surile \u00eentreprinse \u00een vederea \u00eendeplinirii \u00een termenii stabili\u021bi a angajamentelor convenite \u00een Protocolul de la Roma din 29-30 mai 2018.<\/p>\n<p>O alt\u0103 tem\u0103 de discu\u021bii a vizat viziunea oficialilor vis-a-vis de solu\u021bionarea aspectelor referitor la circula\u021bia nestingherit\u0103 a elevilor \u0219i profesorilor din \u0219colile cu predare \u00een grafia latin\u0103 din regiunea transnistrean\u0103 prin posturile de pe linia administrativ\u0103, asigurarea cu sedii proprii, potrivite pentru desf\u0103\u0219urarea procesului educa\u021bional, formalizarea d\u0103rii \u00een folosin\u021b\u0103 pe termen lung a terenurilor aferente cl\u0103dirilor \u0219colilor.<\/p>\n<p>Totodat\u0103, Vicepremierul Cristina Lesnic a mul\u021bumit diploma\u021bilor pentru activitatea fructuoas\u0103, pentru sprijinul constant al Germaniei \u00een toate domeniile de colaborare, inclusiv pozi\u021bia foarte activ\u0103 \u00een sus\u021binerea integrit\u0103\u021bii teritoriale a statului.<\/p>\n<p>De asemenea, Cristina Lesnic a exprimat recuno\u0219tin\u021b\u0103 pentru sus\u021binerea prompt\u0103 \u00een procesul de reglementare transnistrean\u0103, inclusiv \u00een contextul exercit\u0103rii Pre\u015fedin\u0163iei OSCE pe parcursul anului 2016.<\/p>\n<p>La final, Vicepremierul Cristina Lesnic a subliniat c\u0103 rolul Germaniei \u00een Republica Moldova este unul major, exprim\u00e2ndu-\u0219i \u00eencrederea c\u0103 va continua promovarea unui dialog orientat spre beneficiul popula\u021biei de pe ambele maluri ale r\u00e2ului Nistru.<\/p>\n<p>Sursa:\u00a0<a href=\"https:\/\/gov.md\/ro\/content\/intrevederea-viceprim-ministrului-cristina-lesnic-cu-ambasadorii-republicii-federale\">https:\/\/gov.md\/<\/a><\/p>\n","protected":false},"excerpt":{"rendered":"<p>Ast\u0103zi, 20 iunie curent, Viceprim-ministrul Cristina Lesnic a avut o \u00eentrevedere cu Ambasadorul Republicii Federale Germania \u00een Republica Moldova Julia Monar \u0219i cu Ambasadorul Republicii Federale Germania \u00een Rom\u00e2nia Cord Meier-Klodt. \u00cen cadrul \u00eentrevederii oficialii au discutat despre ultimele evolu\u021bii \u00een procesul de negocieri \u0219i implicit \u00een contextul implement\u0103rii priorit\u0103\u021bilor din a\u0219a-numitul pachet Berlin plus,&#8230;<\/p>\n","protected":false},"author":2,"featured_media":0,"comment_status":"closed","ping_status":"open","sticky":false,"template":"","format":"standard","meta":[],"categories":[1],"tags":[],"_links":{"self":[{"href":"https:\/\/centers.ulbsibiu.ro\/ccsprise\/lact\/wp-json\/wp\/v2\/posts\/4960"}],"collection":[{"href":"https:\/\/centers.ulbsibiu.ro\/ccsprise\/lact\/wp-json\/wp\/v2\/posts"}],"about":[{"href":"https:\/\/centers.ulbsibiu.ro\/ccsprise\/lact\/wp-json\/wp\/v2\/types\/post"}],"author":[{"embeddable":true,"href":"https:\/\/centers.ulbsibiu.ro\/ccsprise\/lact\/wp-json\/wp\/v2\/users\/2"}],"replies":[{"embeddable":true,"href":"https:\/\/centers.ulbsibiu.ro\/ccsprise\/lact\/wp-json\/wp\/v2\/comments?post=4960"}],"version-history":[{"count":1,"href":"https:\/\/centers.ulbsibiu.ro\/ccsprise\/lact\/wp-json\/wp\/v2\/posts\/4960\/revisions"}],"predecessor-version":[{"id":4961,"href":"https:\/\/centers.ulbsibiu.ro\/ccsprise\/lact\/wp-json\/wp\/v2\/posts\/4960\/revisions\/4961"}],"wp:attachment":[{"href":"https:\/\/centers.ulbsibiu.ro\/ccsprise\/lact\/wp-json\/wp\/v2\/media?parent=4960"}],"wp:term":[{"taxonomy":"category","embeddable":true,"href":"https:\/\/centers.ulbsibiu.ro\/ccsprise\/lact\/wp-json\/wp\/v2\/categories?post=4960"},{"taxonomy":"post_tag","embeddable":true,"href":"https:\/\/centers.ulbsibiu.ro\/ccsprise\/lact\/wp-json\/wp\/v2\/tags?post=4960"}],"curies":[{"name":"wp","href":"https:\/\/api.w.org\/{rel}","templated":true}]}}