{"id":4958,"date":"2018-06-20T21:10:57","date_gmt":"2018-06-20T19:10:57","guid":{"rendered":"https:\/\/centers.ulbsibiu.ro\/ccsprise\/lact\/?p=4958"},"modified":"2018-06-20T21:10:57","modified_gmt":"2018-06-20T19:10:57","slug":"gov-md-guvernul-a-aprobat-modificari-la-hotarirea-guvernului-nr-1232-din-09-noiembrie-2016-cu-privire-la-unele-aspecte-de-introducere-a-produselor-petroliere-prin-frontiera-de-est","status":"publish","type":"post","link":"https:\/\/centers.ulbsibiu.ro\/ccsprise\/lact\/gov-md-guvernul-a-aprobat-modificari-la-hotarirea-guvernului-nr-1232-din-09-noiembrie-2016-cu-privire-la-unele-aspecte-de-introducere-a-produselor-petroliere-prin-frontiera-de-est\/","title":{"rendered":"Gov.md &#8211; Guvernul a aprobat modific\u0103ri la Hot\u0103r\u00eerea Guvernului nr.1232 din 09 noiembrie 2016 \u201eCu privire la unele aspecte de introducere a produselor petroliere prin frontiera de est\u201d"},"content":{"rendered":"<p>La \u015fedin\u0163a Executivului din 20 iunie 2018 a fost aprobat\u0103 Hot\u0103r\u00e2rea \u201eCu privire la modificarea Hot\u0103r\u00eerii Guvernului nr.1232 din 9 noiembrie 2016\u201d.<\/p>\n<p>Modific\u0103rile respective \u00ee\u015fi propun drept scop prelungirea p\u00een\u0103 la 31 decembrie curent a termenului \u00een care, Serviciul Vamal, cu titlu provizoriu, va efectua v\u0103muirea la postul vamal Bender-2, situat \u00een s.Varni\u021ba, raionul Anenii Noi, a produselor petroliere introduse prin punctul de trecere a frontierei Novosavi\u0163kaia\u2013Cuciurgan, cu excep\u021bia unor produse petroliere expres men\u021bionate \u00een actul normativ supus modific\u0103rii.<\/p>\n<p>Este de men\u021bionat c\u0103, Hot\u0103r\u00eerea Guvernului nr.1232 din 9 noiembrie 2016 \u201eCu privire la unele aspecte de introducere a produselor petroliere prin frontiera de est\u201d reglementeaz\u0103 mecanismul prin care autorit\u0103\u021bile moldovene\u0219ti controleaz\u0103 \u0219i percep taxele vamale prev\u0103zute pentru importurile de produse petroliere efectuate prin punctul de trecere a frontierei Novosavi\u0163kaia &#8211; Cuciurgan.<\/p>\n<p>Acest mecanism a fost posibil ca urmare a semn\u0103rii la 30 martie 2012 a Deciziei protocolare \u201ePrivind principiile relu\u0103rii plenare a circula\u021biei trenurilor marfare prin regiunea transnistrean\u0103\u201d. La 29 decembrie 2017 ac\u021biunea acestui document, care se \u00eenscrie obiectivului de asigurare a deplas\u0103rii libere a persoanelor, m\u0103rfurilor \u0219i serviciilor, a fost prolongat\u0103 p\u00een\u0103 la 31 decembrie 2018.<\/p>\n<p>Ca efect economic, decizia dat\u0103 scurteaz\u0103 drumul de transportare a m\u0103rfurilor cu aproximativ 400 km, fapt care corespunde intereselor economice ale companiilor de pe ambele maluri ale Nistrului.<\/p>\n<p>Sursa:\u00a0<a href=\"https:\/\/gov.md\/ro\/content\/guvernul-aprobat-modificari-la-hotarirea-guvernului-nr1232-din-09-noiembrie-2016-cu-privire\">https:\/\/gov.md\/<\/a><\/p>\n","protected":false},"excerpt":{"rendered":"<p>La \u015fedin\u0163a Executivului din 20 iunie 2018 a fost aprobat\u0103 Hot\u0103r\u00e2rea \u201eCu privire la modificarea Hot\u0103r\u00eerii Guvernului nr.1232 din 9 noiembrie 2016\u201d. Modific\u0103rile respective \u00ee\u015fi propun drept scop prelungirea p\u00een\u0103 la 31 decembrie curent a termenului \u00een care, Serviciul Vamal, cu titlu provizoriu, va efectua v\u0103muirea la postul vamal Bender-2, situat \u00een s.Varni\u021ba, raionul Anenii&#8230;<\/p>\n","protected":false},"author":2,"featured_media":0,"comment_status":"closed","ping_status":"open","sticky":false,"template":"","format":"standard","meta":[],"categories":[1],"tags":[],"_links":{"self":[{"href":"https:\/\/centers.ulbsibiu.ro\/ccsprise\/lact\/wp-json\/wp\/v2\/posts\/4958"}],"collection":[{"href":"https:\/\/centers.ulbsibiu.ro\/ccsprise\/lact\/wp-json\/wp\/v2\/posts"}],"about":[{"href":"https:\/\/centers.ulbsibiu.ro\/ccsprise\/lact\/wp-json\/wp\/v2\/types\/post"}],"author":[{"embeddable":true,"href":"https:\/\/centers.ulbsibiu.ro\/ccsprise\/lact\/wp-json\/wp\/v2\/users\/2"}],"replies":[{"embeddable":true,"href":"https:\/\/centers.ulbsibiu.ro\/ccsprise\/lact\/wp-json\/wp\/v2\/comments?post=4958"}],"version-history":[{"count":1,"href":"https:\/\/centers.ulbsibiu.ro\/ccsprise\/lact\/wp-json\/wp\/v2\/posts\/4958\/revisions"}],"predecessor-version":[{"id":4959,"href":"https:\/\/centers.ulbsibiu.ro\/ccsprise\/lact\/wp-json\/wp\/v2\/posts\/4958\/revisions\/4959"}],"wp:attachment":[{"href":"https:\/\/centers.ulbsibiu.ro\/ccsprise\/lact\/wp-json\/wp\/v2\/media?parent=4958"}],"wp:term":[{"taxonomy":"category","embeddable":true,"href":"https:\/\/centers.ulbsibiu.ro\/ccsprise\/lact\/wp-json\/wp\/v2\/categories?post=4958"},{"taxonomy":"post_tag","embeddable":true,"href":"https:\/\/centers.ulbsibiu.ro\/ccsprise\/lact\/wp-json\/wp\/v2\/tags?post=4958"}],"curies":[{"name":"wp","href":"https:\/\/api.w.org\/{rel}","templated":true}]}}