{"id":4956,"date":"2018-06-20T20:54:31","date_gmt":"2018-06-20T18:54:31","guid":{"rendered":"https:\/\/centers.ulbsibiu.ro\/ccsprise\/lact\/?p=4956"},"modified":"2018-06-20T20:54:31","modified_gmt":"2018-06-20T18:54:31","slug":"infotag-md-situatia-demografica-din-transnistria-ramane-a-fi-destul-de-dificila","status":"publish","type":"post","link":"https:\/\/centers.ulbsibiu.ro\/ccsprise\/lact\/infotag-md-situatia-demografica-din-transnistria-ramane-a-fi-destul-de-dificila\/","title":{"rendered":"Infotag.md &#8211; SITUA\u021aIA DEMOGRAFIC\u0102 DIN TRANSNISTRIA \u201eR\u0102M\u00c2NE A FI DESTUL DE DIFICIL\u0102\u201d"},"content":{"rendered":"<p>Situa\u021bia demografic\u0103 din Transnistria \u201er\u0103m\u00e2ne a fi destul de dificil\u0103, c\u0103ci numai \u00een ultimii 10 ani num\u0103rul locuitorilor s-a redus cu 58,5 mii de persoane (11,1%), ajung\u00e2nd la sf\u00e2r\u0219itul anului 2017 p\u00e2n\u0103 la 469 mii de persoane\u201d.<\/p>\n<p>Potrivit agen\u021biei INFOTAG, aceste date sunt prezentate \u00een \u201eConcep\u0163ia politicii bugetare \u015fi fiscale a RMN pentru anul 2018 \u0219i \u00een perspectiv\u0103 pe termen mediu\u201d, preg\u0103tit\u0103 de Guvern pentru aprobarea de c\u0103tre Sovietul Suprem.<\/p>\n<p>Conform documentului, componen\u0163a pe v\u00e2rst\u0103 \u015fi sex a popula\u021biei se caracterizeaz\u0103 printr-o dispropor\u021bie de gender semnificativ\u0103: ponderea b\u0103rba\u021bilor constituie 45,4%, iar cea a femeilor este de 54,6%, iar \u00een ultimii cinci ani acest raport nu s-a schimbat. Unul dintre principalele motive pentru surplusul numeric al femeilor fa\u021b\u0103 de b\u0103rba\u021bi este rata ridicat\u0103 a decesului prematur al b\u0103rba\u021bilor, inclusiv al celor \u00een v\u00e2rst\u0103 apt\u0103 de munc\u0103.<\/p>\n<p>Conform criteriilor interna\u021bionale, popula\u021bia este considerat\u0103 b\u0103tr\u00e2n\u0103 dac\u0103 propor\u021bia persoanelor cu v\u00e2rsta de 65 de ani \u0219i mai mult dep\u0103\u0219e\u0219te 7%. Potrivit statisticilor locale, \u00een anul 2017, \u00een Transnistria, num\u0103rul popula\u021biei cu v\u00e2rsta de peste 65 de ani era de 75,7 de mii persoane sau 16,1% din totalul popula\u021biei.<\/p>\n<p>\u00cen contextul natalit\u0103\u021bii sc\u0103zute, num\u0103rul copiilor (\u00eentre 0 \u0219i 17 ani) scade constant. Comparativ cu \u00eenceputul anului 2007, num\u0103rul copiilor a sc\u0103zut cu 21%, reprezent\u00e2nd \u00een prezent 16,8% din popula\u021bia total\u0103.<\/p>\n<p>Potrivit prognozelor Guvernului, schimb\u0103rile \u00een componen\u021ba de v\u00e2rst\u0103 a popula\u021biei vor fi nefavorabile \u0219i \u00een scurt timp va cre\u015fte ritmul de sc\u0103dere a num\u0103rului de copii, a popula\u021biei \u00een v\u00e2rst\u0103 apt\u0103 de munc\u0103, iar \u00eemb\u0103tr\u00e2nirea demografic\u0103 a popula\u021biei va continua.<\/p>\n<p>Sursa:\u00a0<a href=\"http:\/\/www.infotag.md\/rebelion-ro\/264009\/\">http:\/\/www.infotag.md\/<\/a><\/p>\n","protected":false},"excerpt":{"rendered":"<p>Situa\u021bia demografic\u0103 din Transnistria \u201er\u0103m\u00e2ne a fi destul de dificil\u0103, c\u0103ci numai \u00een ultimii 10 ani num\u0103rul locuitorilor s-a redus cu 58,5 mii de persoane (11,1%), ajung\u00e2nd la sf\u00e2r\u0219itul anului 2017 p\u00e2n\u0103 la 469 mii de persoane\u201d. Potrivit agen\u021biei INFOTAG, aceste date sunt prezentate \u00een \u201eConcep\u0163ia politicii bugetare \u015fi fiscale a RMN pentru anul 2018&#8230;<\/p>\n","protected":false},"author":2,"featured_media":0,"comment_status":"closed","ping_status":"open","sticky":false,"template":"","format":"standard","meta":[],"categories":[1],"tags":[],"_links":{"self":[{"href":"https:\/\/centers.ulbsibiu.ro\/ccsprise\/lact\/wp-json\/wp\/v2\/posts\/4956"}],"collection":[{"href":"https:\/\/centers.ulbsibiu.ro\/ccsprise\/lact\/wp-json\/wp\/v2\/posts"}],"about":[{"href":"https:\/\/centers.ulbsibiu.ro\/ccsprise\/lact\/wp-json\/wp\/v2\/types\/post"}],"author":[{"embeddable":true,"href":"https:\/\/centers.ulbsibiu.ro\/ccsprise\/lact\/wp-json\/wp\/v2\/users\/2"}],"replies":[{"embeddable":true,"href":"https:\/\/centers.ulbsibiu.ro\/ccsprise\/lact\/wp-json\/wp\/v2\/comments?post=4956"}],"version-history":[{"count":1,"href":"https:\/\/centers.ulbsibiu.ro\/ccsprise\/lact\/wp-json\/wp\/v2\/posts\/4956\/revisions"}],"predecessor-version":[{"id":4957,"href":"https:\/\/centers.ulbsibiu.ro\/ccsprise\/lact\/wp-json\/wp\/v2\/posts\/4956\/revisions\/4957"}],"wp:attachment":[{"href":"https:\/\/centers.ulbsibiu.ro\/ccsprise\/lact\/wp-json\/wp\/v2\/media?parent=4956"}],"wp:term":[{"taxonomy":"category","embeddable":true,"href":"https:\/\/centers.ulbsibiu.ro\/ccsprise\/lact\/wp-json\/wp\/v2\/categories?post=4956"},{"taxonomy":"post_tag","embeddable":true,"href":"https:\/\/centers.ulbsibiu.ro\/ccsprise\/lact\/wp-json\/wp\/v2\/tags?post=4956"}],"curies":[{"name":"wp","href":"https:\/\/api.w.org\/{rel}","templated":true}]}}