{"id":4946,"date":"2018-06-19T18:47:25","date_gmt":"2018-06-19T16:47:25","guid":{"rendered":"https:\/\/centers.ulbsibiu.ro\/ccsprise\/lact\/?p=4946"},"modified":"2018-06-19T18:47:25","modified_gmt":"2018-06-19T16:47:25","slug":"deschide-md-dodon-retragerea-trupelor-ruse-este-o-campanie-de-pr-a-pd-ului-si-patronilor-din-exterior","status":"publish","type":"post","link":"https:\/\/centers.ulbsibiu.ro\/ccsprise\/lact\/deschide-md-dodon-retragerea-trupelor-ruse-este-o-campanie-de-pr-a-pd-ului-si-patronilor-din-exterior\/","title":{"rendered":"Deschide.md &#8211; Dodon: Retragerea trupelor ruse este o campanie de PR a PD-ului \u0219i patronilor din exterior"},"content":{"rendered":"<p>Author: Vasile Cojocari<\/p>\n<p>Dodon ia \u00een der\u00e2dere proiectul de rezolu\u0163ie ce va fi dezb\u0103tut la cea de-a 73-a Adunare General\u0103 a ONU cu privire la retragerea trupelor ruse de ocupa\u0163ie din st\u00e2nga Nistrului. Pre\u015fedintele sus\u0163ine c\u0103 documentul amintit ar face parte dintr-o &#8220;campanie de PR ieftin\u0103&#8221;, pus\u0103 la cale de Partidul Democrat \u015fi &#8220;patronii s\u0103i din exterior&#8221;.<\/p>\n<p>\u00centr-o postare pe pagina sa de Facebook, Dodon sugereaz\u0103 c\u0103 cet\u0103\u021benii R. Moldova nu-\u0219i doresc retragerea trupelor ruse, ci doar \u201ec\u00e2\u021biva func\u021bionari din interiorul \u021b\u0103rii\u201d.<\/p>\n<p>\u201eVreau s\u0103 amintesc c\u0103 actuala majoritate parlamentar\u0103 \u015fi Guvernul, ambele controlate de Partidul Democrat, \u00ee\u0219i tr\u0103iesc ultimele luni \u0219i nu se bucura de \u00eencredere din partea majoritatii cetatenilor Republicii Moldova. Anume de aceea c\u00e2\u0163iva func\u021bionari din interiorul \u021b\u0103rii \u015fi patronii acestora din exterior au pus la cale o campanie PR ieftin\u0103, folosind platforma ONU, campanie ce vizeaz\u0103 \u00een exclusivitate agravarea situa\u021biei din Republica Moldova \u015fi afectarea serioas\u0103 a rela\u021biilor moldo-ruse\u201d, scrie Dodon pe Facebook.<\/p>\n<p>Dodon reitereaz\u0103 c\u0103 subiectul cu pricina va putea fi discutat \u00eentre institu\u021biile statului dup\u0103 alegerile din toamn\u0103.<\/p>\n<p>\u201eS\u00eent convins c\u0103 probleme de atare importan\u021b\u0103 \u2013 retragerea contingentului militar rus, evacuarea (reciclajul) armamentelor \u015fi muni\u021biilor \u2013 trebuie s\u0103 fie discutate cu Parlamentul legitim al Republicii Moldova \u015fi cu Guvernul legitim al Republicii Moldova, care vor fi formate \u00een lunile imediat urm\u0103toare dup\u0103 scrutinul parlamentar\u201d, mai spune Dodon.<\/p>\n<p>Text complet:\u00a0<a href=\"https:\/\/deschide.md\/ro\/stiri\/politic\/32680\/Dodon-Retragerea-trupelor-ruse-este-o-campanie-de-PR-a-PD-ului-\u0219i-patronilor-din-exterior.htm\">https:\/\/deschide.md\/<\/a><\/p>\n","protected":false},"excerpt":{"rendered":"<p>Author: Vasile Cojocari Dodon ia \u00een der\u00e2dere proiectul de rezolu\u0163ie ce va fi dezb\u0103tut la cea de-a 73-a Adunare General\u0103 a ONU cu privire la retragerea trupelor ruse de ocupa\u0163ie din st\u00e2nga Nistrului. Pre\u015fedintele sus\u0163ine c\u0103 documentul amintit ar face parte dintr-o &#8220;campanie de PR ieftin\u0103&#8221;, pus\u0103 la cale de Partidul Democrat \u015fi &#8220;patronii s\u0103i&#8230;<\/p>\n","protected":false},"author":2,"featured_media":0,"comment_status":"closed","ping_status":"open","sticky":false,"template":"","format":"standard","meta":[],"categories":[1],"tags":[],"_links":{"self":[{"href":"https:\/\/centers.ulbsibiu.ro\/ccsprise\/lact\/wp-json\/wp\/v2\/posts\/4946"}],"collection":[{"href":"https:\/\/centers.ulbsibiu.ro\/ccsprise\/lact\/wp-json\/wp\/v2\/posts"}],"about":[{"href":"https:\/\/centers.ulbsibiu.ro\/ccsprise\/lact\/wp-json\/wp\/v2\/types\/post"}],"author":[{"embeddable":true,"href":"https:\/\/centers.ulbsibiu.ro\/ccsprise\/lact\/wp-json\/wp\/v2\/users\/2"}],"replies":[{"embeddable":true,"href":"https:\/\/centers.ulbsibiu.ro\/ccsprise\/lact\/wp-json\/wp\/v2\/comments?post=4946"}],"version-history":[{"count":1,"href":"https:\/\/centers.ulbsibiu.ro\/ccsprise\/lact\/wp-json\/wp\/v2\/posts\/4946\/revisions"}],"predecessor-version":[{"id":4947,"href":"https:\/\/centers.ulbsibiu.ro\/ccsprise\/lact\/wp-json\/wp\/v2\/posts\/4946\/revisions\/4947"}],"wp:attachment":[{"href":"https:\/\/centers.ulbsibiu.ro\/ccsprise\/lact\/wp-json\/wp\/v2\/media?parent=4946"}],"wp:term":[{"taxonomy":"category","embeddable":true,"href":"https:\/\/centers.ulbsibiu.ro\/ccsprise\/lact\/wp-json\/wp\/v2\/categories?post=4946"},{"taxonomy":"post_tag","embeddable":true,"href":"https:\/\/centers.ulbsibiu.ro\/ccsprise\/lact\/wp-json\/wp\/v2\/tags?post=4946"}],"curies":[{"name":"wp","href":"https:\/\/api.w.org\/{rel}","templated":true}]}}