{"id":4944,"date":"2018-06-19T18:42:11","date_gmt":"2018-06-19T16:42:11","guid":{"rendered":"https:\/\/centers.ulbsibiu.ro\/ccsprise\/lact\/?p=4944"},"modified":"2018-06-19T18:42:11","modified_gmt":"2018-06-19T16:42:11","slug":"infotag-md-in-negocierile-cu-moldova-transnistria-tinde-sa-solutioneze-in-primul-rand-problemele-oamenilor","status":"publish","type":"post","link":"https:\/\/centers.ulbsibiu.ro\/ccsprise\/lact\/infotag-md-in-negocierile-cu-moldova-transnistria-tinde-sa-solutioneze-in-primul-rand-problemele-oamenilor\/","title":{"rendered":"Infotag.md &#8211; \u00ceN NEGOCIERILE CU MOLDOVA, TRANSNISTRIA TINDE \u201eS\u0102 SOLU\u0162IONEZE, \u00ceN PRIMUL R\u00c2ND, PROBLEMELE OAMENILOR\u201d"},"content":{"rendered":"<p>Obiectivul principal al Tiraspolului \u00een negocierile cu Chi\u015fin\u0103ul este solu\u0163ionarea problemelor oamenilor. O declara\u0163ie \u00een acest sens a f\u0103cut ministrul de Externe al regiunii, Vitalii Ignatiev, \u00eentr-un interviu oferit \u00een ajun unui reporter al ziarului francez \u201eLe Figaro\u201d.<\/p>\n<p>Potrivit agen\u0163iei INFOTAG cu referire la presa transnistrean\u0103, Ignatiev a eviden\u0163iat un anumit progres \u00een procesul de negocieri realizat \u00een ultimele luni \u00een cadrul dialogului la nivelul grupurilor de exper\u021bi, al reprezentan\u021bilor politici \u0219i al Reuniunii permanente \u00een formatul \u201e5+2\u201d.<\/p>\n<p>\u201eImportan\u021ba social\u0103, umanitar\u0103 \u0219i economic\u0103 este o caracteristic\u0103 fundamental\u0103 a tuturor acordurilor semnate. Scopul nostru este s\u0103 solu\u0163ion\u0103m problemele oamenilor, s\u0103 nivel\u0103m restric\u021biile, represiunile \u0219i sanc\u021biunile aplicate cet\u0103\u021benilor Transnistriei\u201d, a subliniat el.<\/p>\n<p>\u00cen opinia sa, cre\u0219terea exporturilor transnistrene \u00een Federa\u021bia Rus\u0103 \u0219i \u021b\u0103rile UE \u201edemonstreaz\u0103 \u00een mod clar autosuficien\u021ba RMN\u201d.<\/p>\n<p>\u201eNoi putem s\u0103 tr\u0103im de sine st\u0103t\u0103tor. Principala noastr\u0103 cerin\u021b\u0103 este s\u0103 nu ni se creeze probleme \u0219i s\u0103 nu fim \u00eencurca\u0163i s\u0103 ne dezvolt\u0103m. Transnistria \u00ee\u015fi define\u015fte \u00een mod deschis \u0219i destul de concret viziunea viitorului s\u0103u. Din punct de vedere juridic, avem toate motivele de a pretinde la s\u0103 fim un subiect juridic interna\u021bional deplin. De trei decenii lupt\u0103m pentru drepturile noastre \u0219i merit\u0103m recunoa\u0219terea interna\u021bional\u0103\u201d, a spus el.<\/p>\n<p>Sursa:\u00a0<a href=\"http:\/\/www.infotag.md\/rebelion-ro\/263985\/\">http:\/\/www.infotag.md\/<\/a><\/p>\n","protected":false},"excerpt":{"rendered":"<p>Obiectivul principal al Tiraspolului \u00een negocierile cu Chi\u015fin\u0103ul este solu\u0163ionarea problemelor oamenilor. O declara\u0163ie \u00een acest sens a f\u0103cut ministrul de Externe al regiunii, Vitalii Ignatiev, \u00eentr-un interviu oferit \u00een ajun unui reporter al ziarului francez \u201eLe Figaro\u201d. Potrivit agen\u0163iei INFOTAG cu referire la presa transnistrean\u0103, Ignatiev a eviden\u0163iat un anumit progres \u00een procesul de&#8230;<\/p>\n","protected":false},"author":2,"featured_media":0,"comment_status":"closed","ping_status":"open","sticky":false,"template":"","format":"standard","meta":[],"categories":[1],"tags":[],"_links":{"self":[{"href":"https:\/\/centers.ulbsibiu.ro\/ccsprise\/lact\/wp-json\/wp\/v2\/posts\/4944"}],"collection":[{"href":"https:\/\/centers.ulbsibiu.ro\/ccsprise\/lact\/wp-json\/wp\/v2\/posts"}],"about":[{"href":"https:\/\/centers.ulbsibiu.ro\/ccsprise\/lact\/wp-json\/wp\/v2\/types\/post"}],"author":[{"embeddable":true,"href":"https:\/\/centers.ulbsibiu.ro\/ccsprise\/lact\/wp-json\/wp\/v2\/users\/2"}],"replies":[{"embeddable":true,"href":"https:\/\/centers.ulbsibiu.ro\/ccsprise\/lact\/wp-json\/wp\/v2\/comments?post=4944"}],"version-history":[{"count":1,"href":"https:\/\/centers.ulbsibiu.ro\/ccsprise\/lact\/wp-json\/wp\/v2\/posts\/4944\/revisions"}],"predecessor-version":[{"id":4945,"href":"https:\/\/centers.ulbsibiu.ro\/ccsprise\/lact\/wp-json\/wp\/v2\/posts\/4944\/revisions\/4945"}],"wp:attachment":[{"href":"https:\/\/centers.ulbsibiu.ro\/ccsprise\/lact\/wp-json\/wp\/v2\/media?parent=4944"}],"wp:term":[{"taxonomy":"category","embeddable":true,"href":"https:\/\/centers.ulbsibiu.ro\/ccsprise\/lact\/wp-json\/wp\/v2\/categories?post=4944"},{"taxonomy":"post_tag","embeddable":true,"href":"https:\/\/centers.ulbsibiu.ro\/ccsprise\/lact\/wp-json\/wp\/v2\/tags?post=4944"}],"curies":[{"name":"wp","href":"https:\/\/api.w.org\/{rel}","templated":true}]}}