{"id":4942,"date":"2018-06-18T18:39:10","date_gmt":"2018-06-18T16:39:10","guid":{"rendered":"https:\/\/centers.ulbsibiu.ro\/ccsprise\/lact\/?p=4942"},"modified":"2018-06-18T18:39:10","modified_gmt":"2018-06-18T16:39:10","slug":"infotag-md-ministrul-de-externe-al-transnistriei-considera-ca-gotr-este-parte-a-operatiunii-de-mentinere-a-pacii-in-regiune","status":"publish","type":"post","link":"https:\/\/centers.ulbsibiu.ro\/ccsprise\/lact\/infotag-md-ministrul-de-externe-al-transnistriei-considera-ca-gotr-este-parte-a-operatiunii-de-mentinere-a-pacii-in-regiune\/","title":{"rendered":"Infotag.md &#8211; MINISTRUL DE EXTERNE AL TRANSNISTRIEI CONSIDER\u0102 C\u0102 GOTR ESTE \u201ePARTE A OPERA\u0162IUNII DE MEN\u0162INERE A P\u0102CII\u201d \u00ceN REGIUNE"},"content":{"rendered":"<p>Ministrul Afacerilor Externe al autoproclamatei RMN, Vitalii Ignatiev, nu vede nicio diferen\u0163\u0103 \u00eentre Grupul Operativ al Trupelor Ruse (GOTR) \u015fi for\u0163ele de men\u0163inere a p\u0103cii ale Rusiei \u00een regiune. Potrivit agen\u0163iei INFOTAG, despre aceasta el a declarat \u00eentr-un interviu pentru un post de televiziune regional, coment\u00e2nd decizia Moldovei de a \u00eenainta la Adunarea general\u0103 a ONU proiectul Rezolu\u0163iei privind retragerea trupelor ruse din RM.<\/p>\n<p>Ignatiev a declarat c\u0103 \u201epe teritoriul Transnistriei, afar\u0103 de for\u0163ele de pacificare, nu exist\u0103 alt contingent militar al Rusiei\u201d.<\/p>\n<p>\u201ePrin urmare, orice \u00eencercare de a declara c\u0103 Moldova sprijin\u0103 opera\u021biunea de men\u021binere a p\u0103cii, dar insist\u0103 asupra retragerii grupului operativ al trupelor ruse\u0219ti, este pur \u0219i simplu lipsit\u0103 de obiectivitate. GOTR este parte din func\u021bionarea mecanismului unic de men\u021binere a p\u0103cii, particip\u0103 la rota\u021bia batalioanelor de men\u021binere a p\u0103cii\u201d, a declarat principalul negociator al Tiraspolului.<\/p>\n<p>Potrivit lui, \u201enicio hot\u0103r\u00e2re de modificare a formatului opera\u0163iunii de men\u021binere a p\u0103cii sau de retragere a vreunei p\u0103r\u021bi din acest mecanism de pacificare nu poate fi luat\u0103 f\u0103r\u0103 a lua \u00een considerare opinia \u015fi pozi\u021bia poporului Transnistriei\u201d.<\/p>\n<p>\u201eSuntem categoric \u00eempotriva oric\u0103ror ac\u021biuni care amenin\u021b\u0103 pacea \u0219i securitatea pe Nistru\u201d, a spus Ignatiev.<\/p>\n<p>El consider\u0103 c\u0103 \u201eac\u021biunile Chi\u0219in\u0103ului sunt distructive, deoarece acestea vizeaz\u0103 subminarea fundamentelor opera\u021biunii de men\u021binere a p\u0103cii \u00een Transnistria\u201d.<\/p>\n<p>\u201eEste cunoscut faptul c\u0103 partea moldoveneasc\u0103 de mai mult timp duce o activitate \u00eempotriva opera\u021biunii de men\u021binere a p\u0103cii, inclusiv pe plan politic \u0219i informativ. Am apreciat \u015fi apreciem extrem de negativ ac\u021biunile care au fost \u00eentreprinse \u00een cadrul hot\u0103r\u00e2rilor Cur\u021bii Constitu\u021bionale a Republicii Moldova privind presupusa aflare ilegal\u0103 a pacificatorilor \u00een Moldova \u0219i posibilitatea utiliz\u0103rii instrumentelor de for\u021b\u0103 \u00eempotriva pacificatorilor\u201d, a spus Ignatiev.<\/p>\n<p>Dup\u0103 cum a informat anterior INFOTAG, la Secretariatul ONU a fost \u00eenregistrat un proiect de rezolu\u021bie, intitulat \u201eRetragerea complet\u0103 \u0219i necondi\u021bionat\u0103 a for\u021belor militare str\u0103ine de pe teritoriul Republicii Moldova\u201d. Ministrul Afacerilor Externe \u0219i Integr\u0103rii Europene, Tudor Ulianovschi, a declarat c\u0103 proiectul a fost \u00eenregistrat de Moldova \u0219i va fi discutat de Adunarea General\u0103 vineri, 22 iunie.<\/p>\n<p>Viceministrul rus al afacerilor externe, Grigori Karasin, a declarat c\u0103 aceast\u0103 ini\u021biativ\u0103 este \u201edoar intensific\u0103 emo\u021biile \u0219i \u00eempiedic\u0103 buna dezvoltare pa\u0219nic\u0103 a procesului de reglementare a conflictului transnistrean\u201d.<\/p>\n<p>\u201eCeva mai contraproductiv \u0219i provocator nici c\u0103 se poate inventa\u201d, a spus Karasin.<\/p>\n<p>Sursa:\u00a0<a href=\"http:\/\/www.infotag.md\/rebelion-ro\/263950\/\">http:\/\/www.infotag.md\/<\/a><\/p>\n","protected":false},"excerpt":{"rendered":"<p>Ministrul Afacerilor Externe al autoproclamatei RMN, Vitalii Ignatiev, nu vede nicio diferen\u0163\u0103 \u00eentre Grupul Operativ al Trupelor Ruse (GOTR) \u015fi for\u0163ele de men\u0163inere a p\u0103cii ale Rusiei \u00een regiune. Potrivit agen\u0163iei INFOTAG, despre aceasta el a declarat \u00eentr-un interviu pentru un post de televiziune regional, coment\u00e2nd decizia Moldovei de a \u00eenainta la Adunarea general\u0103 a&#8230;<\/p>\n","protected":false},"author":2,"featured_media":0,"comment_status":"closed","ping_status":"open","sticky":false,"template":"","format":"standard","meta":[],"categories":[1],"tags":[],"_links":{"self":[{"href":"https:\/\/centers.ulbsibiu.ro\/ccsprise\/lact\/wp-json\/wp\/v2\/posts\/4942"}],"collection":[{"href":"https:\/\/centers.ulbsibiu.ro\/ccsprise\/lact\/wp-json\/wp\/v2\/posts"}],"about":[{"href":"https:\/\/centers.ulbsibiu.ro\/ccsprise\/lact\/wp-json\/wp\/v2\/types\/post"}],"author":[{"embeddable":true,"href":"https:\/\/centers.ulbsibiu.ro\/ccsprise\/lact\/wp-json\/wp\/v2\/users\/2"}],"replies":[{"embeddable":true,"href":"https:\/\/centers.ulbsibiu.ro\/ccsprise\/lact\/wp-json\/wp\/v2\/comments?post=4942"}],"version-history":[{"count":1,"href":"https:\/\/centers.ulbsibiu.ro\/ccsprise\/lact\/wp-json\/wp\/v2\/posts\/4942\/revisions"}],"predecessor-version":[{"id":4943,"href":"https:\/\/centers.ulbsibiu.ro\/ccsprise\/lact\/wp-json\/wp\/v2\/posts\/4942\/revisions\/4943"}],"wp:attachment":[{"href":"https:\/\/centers.ulbsibiu.ro\/ccsprise\/lact\/wp-json\/wp\/v2\/media?parent=4942"}],"wp:term":[{"taxonomy":"category","embeddable":true,"href":"https:\/\/centers.ulbsibiu.ro\/ccsprise\/lact\/wp-json\/wp\/v2\/categories?post=4942"},{"taxonomy":"post_tag","embeddable":true,"href":"https:\/\/centers.ulbsibiu.ro\/ccsprise\/lact\/wp-json\/wp\/v2\/tags?post=4942"}],"curies":[{"name":"wp","href":"https:\/\/api.w.org\/{rel}","templated":true}]}}