{"id":4940,"date":"2018-06-17T19:35:54","date_gmt":"2018-06-17T17:35:54","guid":{"rendered":"https:\/\/centers.ulbsibiu.ro\/ccsprise\/lact\/?p=4940"},"modified":"2018-06-17T19:35:54","modified_gmt":"2018-06-17T17:35:54","slug":"radiochisinau-md-ucraina-ingrijorata-de-manevrele-ruse-din-transnistria-tiraspolul-spune-ca-nu-va-permite-retragerea-trupelor-din-regiune","status":"publish","type":"post","link":"https:\/\/centers.ulbsibiu.ro\/ccsprise\/lact\/radiochisinau-md-ucraina-ingrijorata-de-manevrele-ruse-din-transnistria-tiraspolul-spune-ca-nu-va-permite-retragerea-trupelor-din-regiune\/","title":{"rendered":"Radiochisinau.md &#8211; Ucraina, \u00eengrijorat\u0103 de manevrele ruse din Transnistria. Tiraspolul spune c\u0103 nu va permite retragerea trupelor din regiune"},"content":{"rendered":"<p class=\"story-body__introduction\">Manevrele trupelor ruse din Transnistria provoac\u0103 \u00eengrijorare \u00een Ucraina. Ministerul de Externe de la Kiev a emis \u00een leg\u0103tur\u0103 cu acestea un comunicat de pres\u0103, citat de\u00a0RBK Ukraina, \u00een care se arat\u0103 deranjat de \u201edeplasarea nesanc\u021bionat\u0103 a tehnicii \u0219i echipamentelor militare, pe data de 14 iunie, \u00een regiunea transnistrean\u0103, ocupat\u0103 de Federa\u021bia Rus\u0103\u201d.<\/p>\n<div class=\"articleContent\">\n<p>\u201e<a href=\"https:\/\/radiochisinau.md\/trupele-ruse-din-transnistria-plasate-in-stare-de-alerta-sporita-pretext-amenintare-terorista-in-legatura-cu-cm-2018-din-rusia---69886.html\">Ignorarea de c\u0103tre partea rus\u0103 a angajamentelor sale<\/a> submineaz\u0103 \u00eencrederea dintre participan\u021bii \u00een procesul de negocieri \u0219i creeaz\u0103 o atmosfer\u0103 tensionat\u0103 la nivel regional\u201d, se arat\u0103 \u00een comunicat.<\/p>\n<p>De asemenea, Kievul reafirm\u0103 c\u0103 sus\u021bine \u00een totalitate pozi\u021bia Republicii Moldova, care insist\u0103 asupra evacu\u0103rii trupelor ruse, \u00een conformitate cu deciziile summit-ului OSCE de la Istanbul din 1999.<\/p>\n<p>De cealalt\u0103 parte, pretinsul ministru de externe de la Tiraspol, Viktor Ignatiev, a declarat \u00eentr-o emisiune la postul local de televiziune \u201e1 Pridnestrovski\u201d c\u0103 nicio o decizie privind retragerea trupelor ruse din regiune n-ar putea fi luat\u0103 f\u0103r\u0103 voia administra\u021biei separatiste transnistrene.<\/p>\n<p>Afirma\u021biile vin \u00een contextul anun\u021bului conform c\u0103ruia <a href=\"https:\/\/radiochisinau.md\/onu-va-examina-la-22-iunie-rezolutia-privind-retragerea-trupelor-ruse-de-pe-teritoriul-rmoldova---69833.html\">un proiect de rezolu\u021bie a fost \u00eenregistrat \u0219i va fi examinat la ONU pe 22 iunie<\/a>.<\/p>\n<p>Sursa:\u00a0<a href=\"https:\/\/radiochisinau.md\/ucraina-ingrijorata-de-manevrele-ruse-din-transnistria-tiraspolul-spune-ca-nu-va-permite-retragerea-trupelor-din-regiune---69906.html\">https:\/\/radiochisinau.md\/<\/a><\/p>\n<\/div>\n","protected":false},"excerpt":{"rendered":"<p>Manevrele trupelor ruse din Transnistria provoac\u0103 \u00eengrijorare \u00een Ucraina. Ministerul de Externe de la Kiev a emis \u00een leg\u0103tur\u0103 cu acestea un comunicat de pres\u0103, citat de\u00a0RBK Ukraina, \u00een care se arat\u0103 deranjat de \u201edeplasarea nesanc\u021bionat\u0103 a tehnicii \u0219i echipamentelor militare, pe data de 14 iunie, \u00een regiunea transnistrean\u0103, ocupat\u0103 de Federa\u021bia Rus\u0103\u201d. \u201eIgnorarea de&#8230;<\/p>\n","protected":false},"author":2,"featured_media":0,"comment_status":"closed","ping_status":"open","sticky":false,"template":"","format":"standard","meta":[],"categories":[1],"tags":[],"_links":{"self":[{"href":"https:\/\/centers.ulbsibiu.ro\/ccsprise\/lact\/wp-json\/wp\/v2\/posts\/4940"}],"collection":[{"href":"https:\/\/centers.ulbsibiu.ro\/ccsprise\/lact\/wp-json\/wp\/v2\/posts"}],"about":[{"href":"https:\/\/centers.ulbsibiu.ro\/ccsprise\/lact\/wp-json\/wp\/v2\/types\/post"}],"author":[{"embeddable":true,"href":"https:\/\/centers.ulbsibiu.ro\/ccsprise\/lact\/wp-json\/wp\/v2\/users\/2"}],"replies":[{"embeddable":true,"href":"https:\/\/centers.ulbsibiu.ro\/ccsprise\/lact\/wp-json\/wp\/v2\/comments?post=4940"}],"version-history":[{"count":1,"href":"https:\/\/centers.ulbsibiu.ro\/ccsprise\/lact\/wp-json\/wp\/v2\/posts\/4940\/revisions"}],"predecessor-version":[{"id":4941,"href":"https:\/\/centers.ulbsibiu.ro\/ccsprise\/lact\/wp-json\/wp\/v2\/posts\/4940\/revisions\/4941"}],"wp:attachment":[{"href":"https:\/\/centers.ulbsibiu.ro\/ccsprise\/lact\/wp-json\/wp\/v2\/media?parent=4940"}],"wp:term":[{"taxonomy":"category","embeddable":true,"href":"https:\/\/centers.ulbsibiu.ro\/ccsprise\/lact\/wp-json\/wp\/v2\/categories?post=4940"},{"taxonomy":"post_tag","embeddable":true,"href":"https:\/\/centers.ulbsibiu.ro\/ccsprise\/lact\/wp-json\/wp\/v2\/tags?post=4940"}],"curies":[{"name":"wp","href":"https:\/\/api.w.org\/{rel}","templated":true}]}}