{"id":4938,"date":"2018-06-17T19:29:35","date_gmt":"2018-06-17T17:29:35","guid":{"rendered":"https:\/\/centers.ulbsibiu.ro\/ccsprise\/lact\/?p=4938"},"modified":"2018-06-17T19:29:35","modified_gmt":"2018-06-17T17:29:35","slug":"radiochisinau-md-trupele-ruse-din-transnistria-plasate-in-stare-de-alerta-sporita-pretext-amenintare-terorista-in-legatura-cu-cm-2018-din-rusia","status":"publish","type":"post","link":"https:\/\/centers.ulbsibiu.ro\/ccsprise\/lact\/radiochisinau-md-trupele-ruse-din-transnistria-plasate-in-stare-de-alerta-sporita-pretext-amenintare-terorista-in-legatura-cu-cm-2018-din-rusia\/","title":{"rendered":"Radiochisinau.md &#8211; Trupele ruse din Transnistria, plasate \u00een stare de \u201ealert\u0103 sporit\u0103\u201d. Pretext &#8211; amenin\u021bare terorist\u0103 \u00een leg\u0103tur\u0103 cu CM 2018 din Rusia"},"content":{"rendered":"<p class=\"story-body__introduction\">Noi manevre militare au fost lansate de Grupul Opera\u021bional de Trupe Ruse (GOTR) din Transnistria sub pretextul unei \u201eamenin\u021b\u0103ri teroriste\u201d. Cu aceast\u0103 ocazie, autorit\u0103\u021bile militare ruse au decretat \u201estare de alert\u0103 sporit\u0103\u201d, anun\u021b\u0103 Districtului Militar de Vest al Federa\u021biei Ruse, citat de presa de la Moscova.<\/p>\n<div class=\"articleContent\">\n<p>Potrivit comandamentului GOTR, a\u0219a-zisele exerci\u021bii anti-teroriste se desf\u0103\u0219oar\u0103 \u00een leg\u0103tur\u0103 cu posibile provoc\u0103ri \u00een timpul Campionatului Mondial la Fotbal din Rusia, scrie portalul <a href=\"https:\/\/topwar.ru\/143056-v-pridnestrove-prohodyat-vneplanovye-ucheniya-rossiyskih-voennosluzhaschih.html\" target=\"_blank\" rel=\"noopener\">Voennoe Obozrenie<\/a> (Observator Militar \u2013 n.red.)<\/p>\n<p>De asemenea, sursa citat\u0103 invoc\u0103 <a href=\"https:\/\/radiochisinau.md\/ucraina-pare-tot-mai-ingrijorata-de-prezenta-militara-rusa-pe-teritoriul-rmoldova---69674.html\" target=\"_blank\" rel=\"noopener\">\u00eent\u00e2lnirea pe care ministrul moldovean al Ap\u0103r\u0103rii, Eugen Sturza, a avut-o pe 11 iunie cu omologul s\u0103u ucrainean, Stepan Poltorak<\/a>. Atunci, oficialul ucrainean declara c\u0103 \u021bara sa este tot mai \u00eengrijorat\u0103 de prezen\u021ba militar\u0103 rus\u0103 pe teritoriul Republicii Moldova, \u00een zona controlat\u0103 de separati\u0219tii transnistreni. \u00cen leg\u0103tur\u0103 cu aceasta, afirm\u0103 mass-media ruseasc\u0103, s-ar fi \u00eente\u021bit luptele din Donbas.<\/p>\n<p>Amintim c\u0103, anterior, <a href=\"https:\/\/radiochisinau.md\/ucraina-este-gata-sa-ofere-sprijin-pentru-retragerea-trupelor-ruse-din-transnistria---66269.html\" target=\"_blank\" rel=\"noopener\">Ucraina a anun\u021bat c\u0103 este dispus\u0103 s\u0103 ofere un coridor verde pentru retragerea trupelor ruse din Transnistria<\/a>. Reprezentantul special al Kievului pentru reglementarea transnistrean\u0103, Viktor Krijanovski, men\u021biona \u00eens\u0103 c\u0103 Rusia nu \u0219i-a exprimat disponibilitatea de a-\u0219i retrage trupele \u201e\u0219i se va ag\u0103\u021ba de orice \u015fi va c\u0103uta elemente noi&#8221; (pentru a r\u0103m\u00e2ne \u00een regiune \u2013 n.red).<\/p>\n<p>Sursa:\u00a0<a href=\"https:\/\/radiochisinau.md\/trupele-ruse-din-transnistria-plasate-in-stare-de-alerta-sporita-pretext-amenintare-terorista-in-legatura-cu-cm-2018-din-rusia---69886.html\">https:\/\/radiochisinau.md\/<\/a><\/p>\n<\/div>\n","protected":false},"excerpt":{"rendered":"<p>Noi manevre militare au fost lansate de Grupul Opera\u021bional de Trupe Ruse (GOTR) din Transnistria sub pretextul unei \u201eamenin\u021b\u0103ri teroriste\u201d. Cu aceast\u0103 ocazie, autorit\u0103\u021bile militare ruse au decretat \u201estare de alert\u0103 sporit\u0103\u201d, anun\u021b\u0103 Districtului Militar de Vest al Federa\u021biei Ruse, citat de presa de la Moscova. Potrivit comandamentului GOTR, a\u0219a-zisele exerci\u021bii anti-teroriste se desf\u0103\u0219oar\u0103 \u00een&#8230;<\/p>\n","protected":false},"author":2,"featured_media":0,"comment_status":"closed","ping_status":"open","sticky":false,"template":"","format":"standard","meta":[],"categories":[1],"tags":[],"_links":{"self":[{"href":"https:\/\/centers.ulbsibiu.ro\/ccsprise\/lact\/wp-json\/wp\/v2\/posts\/4938"}],"collection":[{"href":"https:\/\/centers.ulbsibiu.ro\/ccsprise\/lact\/wp-json\/wp\/v2\/posts"}],"about":[{"href":"https:\/\/centers.ulbsibiu.ro\/ccsprise\/lact\/wp-json\/wp\/v2\/types\/post"}],"author":[{"embeddable":true,"href":"https:\/\/centers.ulbsibiu.ro\/ccsprise\/lact\/wp-json\/wp\/v2\/users\/2"}],"replies":[{"embeddable":true,"href":"https:\/\/centers.ulbsibiu.ro\/ccsprise\/lact\/wp-json\/wp\/v2\/comments?post=4938"}],"version-history":[{"count":1,"href":"https:\/\/centers.ulbsibiu.ro\/ccsprise\/lact\/wp-json\/wp\/v2\/posts\/4938\/revisions"}],"predecessor-version":[{"id":4939,"href":"https:\/\/centers.ulbsibiu.ro\/ccsprise\/lact\/wp-json\/wp\/v2\/posts\/4938\/revisions\/4939"}],"wp:attachment":[{"href":"https:\/\/centers.ulbsibiu.ro\/ccsprise\/lact\/wp-json\/wp\/v2\/media?parent=4938"}],"wp:term":[{"taxonomy":"category","embeddable":true,"href":"https:\/\/centers.ulbsibiu.ro\/ccsprise\/lact\/wp-json\/wp\/v2\/categories?post=4938"},{"taxonomy":"post_tag","embeddable":true,"href":"https:\/\/centers.ulbsibiu.ro\/ccsprise\/lact\/wp-json\/wp\/v2\/tags?post=4938"}],"curies":[{"name":"wp","href":"https:\/\/api.w.org\/{rel}","templated":true}]}}