{"id":4936,"date":"2018-06-17T19:25:52","date_gmt":"2018-06-17T17:25:52","guid":{"rendered":"https:\/\/centers.ulbsibiu.ro\/ccsprise\/lact\/?p=4936"},"modified":"2018-06-17T19:25:52","modified_gmt":"2018-06-17T17:25:52","slug":"tvrmoldova-md-tiraspolul-accepta-reluarea-discutiilor-privind-respectarea-drepturilor-omului-in-regiunea-transnistreana","status":"publish","type":"post","link":"https:\/\/centers.ulbsibiu.ro\/ccsprise\/lact\/tvrmoldova-md-tiraspolul-accepta-reluarea-discutiilor-privind-respectarea-drepturilor-omului-in-regiunea-transnistreana\/","title":{"rendered":"Tvrmoldova.md &#8211; Tiraspolul accept\u0103 reluarea discu\u0163iilor privind respectarea drepturilor omului \u00een regiunea transnistrean\u0103"},"content":{"rendered":"<p class=\"digest\">Dup\u0103 o pauz\u0103 de cinci ani, administra\u0163ia separatist\u0103 de la Tiraspol a acceptat reluarea discu\u0163iilor privind respectarea drepturilor omului \u00een regiunea transnistrean\u0103, \u00een cadrul grupului comun de lucru cu autorit\u0103\u0163ile de la Chi\u015fin\u0103u.<\/p>\n<p class=\"digest\">Reuniunea a avut loc vineri, 15 iunie, la sediul Misiunii OSCE din Chi\u015fin\u0103u, cu participarea reprezentan\u0163ilor din cadrul formatului de negocieri \u201e5+2\u201d \u00een problema transnistrean\u0103.<\/p>\n<div class=\"content\">\n<div>Potrivit unui comunicat al Biroului pentru reintegrare, \u00een cadrul \u015fedin\u0163ei p\u0103r\u0163ile au salutat reluarea activit\u0103\u0163ii acestui grup de lucru, dup\u0103 o pauz\u0103 de mai bine de cinci ani.<\/div>\n<div>Pe ordinea de zi au fost incluse mai multe subiecte, printre care protec\u0163ia drepturilor persoanelor cu dizabilit\u0103\u0163i, protec\u0163ia drepturilor copiilor afla\u0163i \u00een situa\u0163ii de risc, repatrierea copiilor victime ale traficului, prevenirea violen\u0163ei \u00een mediul Internet, prevenirea \u015fi combaterea violen\u0163ei domestice, protec\u0163ia persoanelor care tr\u0103iesc cu HIV\/SIDA \u00eempotriva ac\u0163iunilor de discriminare\/ segregare \u015fi resocializarea acestora.<\/div>\n<div>Urm\u0103toarea \u015fedin\u0163\u0103 a grupului de lucru va avea loc la Tiraspol.<br \/>\nReluarea activit\u0103\u0163ii grupurilor de lucru pentru drepturile omului a fost convenit\u0103 \u00een cadrul \u00eentrevederii reprezentan\u0163ilor politici \u00een procesul de negocieri pentru reglementarea transnistrean\u0103 din 15 februarie 2018.<\/div>\n<\/div>\n<div>Sursa:\u00a0<a href=\"http:\/\/tvrmoldova.md\/politic\/tiraspolul-accepta-reluarea-discutiilor-privind-respectarea-drepturilor-omului-in-regiunea-transnistreana\/\">http:\/\/tvrmoldova.md\/<\/a><\/div>\n","protected":false},"excerpt":{"rendered":"<p>Dup\u0103 o pauz\u0103 de cinci ani, administra\u0163ia separatist\u0103 de la Tiraspol a acceptat reluarea discu\u0163iilor privind respectarea drepturilor omului \u00een regiunea transnistrean\u0103, \u00een cadrul grupului comun de lucru cu autorit\u0103\u0163ile de la Chi\u015fin\u0103u. Reuniunea a avut loc vineri, 15 iunie, la sediul Misiunii OSCE din Chi\u015fin\u0103u, cu participarea reprezentan\u0163ilor din cadrul formatului de negocieri \u201e5+2\u201d&#8230;<\/p>\n","protected":false},"author":2,"featured_media":0,"comment_status":"closed","ping_status":"open","sticky":false,"template":"","format":"standard","meta":[],"categories":[1],"tags":[],"_links":{"self":[{"href":"https:\/\/centers.ulbsibiu.ro\/ccsprise\/lact\/wp-json\/wp\/v2\/posts\/4936"}],"collection":[{"href":"https:\/\/centers.ulbsibiu.ro\/ccsprise\/lact\/wp-json\/wp\/v2\/posts"}],"about":[{"href":"https:\/\/centers.ulbsibiu.ro\/ccsprise\/lact\/wp-json\/wp\/v2\/types\/post"}],"author":[{"embeddable":true,"href":"https:\/\/centers.ulbsibiu.ro\/ccsprise\/lact\/wp-json\/wp\/v2\/users\/2"}],"replies":[{"embeddable":true,"href":"https:\/\/centers.ulbsibiu.ro\/ccsprise\/lact\/wp-json\/wp\/v2\/comments?post=4936"}],"version-history":[{"count":1,"href":"https:\/\/centers.ulbsibiu.ro\/ccsprise\/lact\/wp-json\/wp\/v2\/posts\/4936\/revisions"}],"predecessor-version":[{"id":4937,"href":"https:\/\/centers.ulbsibiu.ro\/ccsprise\/lact\/wp-json\/wp\/v2\/posts\/4936\/revisions\/4937"}],"wp:attachment":[{"href":"https:\/\/centers.ulbsibiu.ro\/ccsprise\/lact\/wp-json\/wp\/v2\/media?parent=4936"}],"wp:term":[{"taxonomy":"category","embeddable":true,"href":"https:\/\/centers.ulbsibiu.ro\/ccsprise\/lact\/wp-json\/wp\/v2\/categories?post=4936"},{"taxonomy":"post_tag","embeddable":true,"href":"https:\/\/centers.ulbsibiu.ro\/ccsprise\/lact\/wp-json\/wp\/v2\/tags?post=4936"}],"curies":[{"name":"wp","href":"https:\/\/api.w.org\/{rel}","templated":true}]}}