{"id":4930,"date":"2018-06-15T16:17:21","date_gmt":"2018-06-15T14:17:21","guid":{"rendered":"https:\/\/centers.ulbsibiu.ro\/ccsprise\/lact\/?p=4930"},"modified":"2018-06-15T16:17:21","modified_gmt":"2018-06-15T14:17:21","slug":"deschide-md-foto-separatistii-transnistreni-invitati-la-receptia-oficiala-a-ambasadei-marii-britanii","status":"publish","type":"post","link":"https:\/\/centers.ulbsibiu.ro\/ccsprise\/lact\/deschide-md-foto-separatistii-transnistreni-invitati-la-receptia-oficiala-a-ambasadei-marii-britanii\/","title":{"rendered":"Deschide.md &#8211; FOTO \/\/ Separati\u0219tii transnistreni, invita\u021bi la recep\u021bia oficial\u0103 a Ambasadei Marii Britanii"},"content":{"rendered":"<p><span lang=\"IT\">Marea Britanie \u00eencurajeaz\u0103 separatismul din st\u00e2nga Nistrului. Este concluzia ce se impune logic \u015fi firesc din prezen\u0163a a doi dintre capii secesionismului de la Tiraspol la recep\u0163ia oferit\u0103 ieri, 14 iunie, de Ambasada Marii Britanii la Chi\u015fin\u0103u, printre diploma\u0163ii acredita\u0163i \u00een Republica Moldova (\u00eentre care James Pettit, Peter Mihalko \u015fi Daniel Ioni\u0163\u0103). Or, dup\u0103 cum se \u015ftie, regimul din zon\u0103 a declarat de numeroase ori c\u0103-\u015fi dore\u015fte ruperea definitiv\u0103 de Republica Moldova \u015fi integrarea \u00een Federa\u0163ia Rus\u0103.<\/span><\/p>\n<p>Vede\u021bi mai jos primirea c\u0103lduroas\u0103 a separati\u0219tilor transnistreni (pretinsul ministru de Externe Vitali Ignatiev \u0219i cel al Economiei Serghei Abolonik) de c\u0103tre ambasadorul Regatului Unit al Marii Britanii \u015fi Irlandei de Nord \u00een Republica Moldova Lucy Rebecca Joyce:<\/p>\n<p>Foto \u0219i text complet la:\u00a0<a href=\"https:\/\/deschide.md\/ro\/stiri\/politic\/32493\/FOTO--Separati\u0219tii-transnistreni-invita\u021bi-la-recep\u021bia-oficial\u0103-a-Ambasadei-Marii-Britanii.htm\">https:\/\/deschide.md\/<\/a><\/p>\n","protected":false},"excerpt":{"rendered":"<p>Marea Britanie \u00eencurajeaz\u0103 separatismul din st\u00e2nga Nistrului. Este concluzia ce se impune logic \u015fi firesc din prezen\u0163a a doi dintre capii secesionismului de la Tiraspol la recep\u0163ia oferit\u0103 ieri, 14 iunie, de Ambasada Marii Britanii la Chi\u015fin\u0103u, printre diploma\u0163ii acredita\u0163i \u00een Republica Moldova (\u00eentre care James Pettit, Peter Mihalko \u015fi Daniel Ioni\u0163\u0103). Or, dup\u0103 cum&#8230;<\/p>\n","protected":false},"author":2,"featured_media":0,"comment_status":"closed","ping_status":"open","sticky":false,"template":"","format":"standard","meta":[],"categories":[1],"tags":[],"_links":{"self":[{"href":"https:\/\/centers.ulbsibiu.ro\/ccsprise\/lact\/wp-json\/wp\/v2\/posts\/4930"}],"collection":[{"href":"https:\/\/centers.ulbsibiu.ro\/ccsprise\/lact\/wp-json\/wp\/v2\/posts"}],"about":[{"href":"https:\/\/centers.ulbsibiu.ro\/ccsprise\/lact\/wp-json\/wp\/v2\/types\/post"}],"author":[{"embeddable":true,"href":"https:\/\/centers.ulbsibiu.ro\/ccsprise\/lact\/wp-json\/wp\/v2\/users\/2"}],"replies":[{"embeddable":true,"href":"https:\/\/centers.ulbsibiu.ro\/ccsprise\/lact\/wp-json\/wp\/v2\/comments?post=4930"}],"version-history":[{"count":1,"href":"https:\/\/centers.ulbsibiu.ro\/ccsprise\/lact\/wp-json\/wp\/v2\/posts\/4930\/revisions"}],"predecessor-version":[{"id":4931,"href":"https:\/\/centers.ulbsibiu.ro\/ccsprise\/lact\/wp-json\/wp\/v2\/posts\/4930\/revisions\/4931"}],"wp:attachment":[{"href":"https:\/\/centers.ulbsibiu.ro\/ccsprise\/lact\/wp-json\/wp\/v2\/media?parent=4930"}],"wp:term":[{"taxonomy":"category","embeddable":true,"href":"https:\/\/centers.ulbsibiu.ro\/ccsprise\/lact\/wp-json\/wp\/v2\/categories?post=4930"},{"taxonomy":"post_tag","embeddable":true,"href":"https:\/\/centers.ulbsibiu.ro\/ccsprise\/lact\/wp-json\/wp\/v2\/tags?post=4930"}],"curies":[{"name":"wp","href":"https:\/\/api.w.org\/{rel}","templated":true}]}}