{"id":4928,"date":"2018-06-15T16:12:47","date_gmt":"2018-06-15T14:12:47","guid":{"rendered":"https:\/\/centers.ulbsibiu.ro\/ccsprise\/lact\/?p=4928"},"modified":"2018-06-15T16:12:47","modified_gmt":"2018-06-15T14:12:47","slug":"infotag-md-osce-a-anuntat-licitatii-pentru-dotarea-punctelor-de-inmatriculare-a-transportului-in-transnistria","status":"publish","type":"post","link":"https:\/\/centers.ulbsibiu.ro\/ccsprise\/lact\/infotag-md-osce-a-anuntat-licitatii-pentru-dotarea-punctelor-de-inmatriculare-a-transportului-in-transnistria\/","title":{"rendered":"Infotag.md &#8211; OSCE A ANUN\u0162AT LICITA\u0162II PENTRU DOTAREA PUNCTELOR DE \u00ceNMATRICULARE A TRANSPORTULUI \u00ceN TRANSNISTRIA"},"content":{"rendered":"<p>OSCE a anun\u0163at dou\u0103 licita\u0163ii: pentru desf\u0103\u015furarea lucr\u0103rilor de repara\u0163ie \u015fi pentru procurarea echipamentelor pentru viitoarele puncte de \u00eenmatriculare a mijloacelor de transport din Tiraspol \u015fi R\u00eebni\u0163a. Despre aceasta a anun\u0163at \u00een ajun \u015feful Misiunii OSCE \u00een Moldova, Michael Scanlan, la \u00eentrevederea de la Tiraspol cu pre\u015fedintele autoproclamatei RMN, Vadim Krasnoselski.<\/p>\n<p>Potrivit agen\u0163iei INFOTAG cu referire la site-ul liderului de la Tiraspol, diplomatul a recunoscut c\u0103 p\u00e2n\u0103 nu demult planurile privind lansarea de la 1 septembrie a mecanismului de participare a transportului auto transnistrean \u00een traficul interna\u021bional i se p\u0103rea unul \u201eambi\u021bios, dar acum pare a fi cu adev\u0103rat realizabil\u201d.<\/p>\n<p>Reprezentantul OSCE a remarcat \u201edinamizarea procesului de negocieri \u0219i atmosfera de lucru constructiv\u0103 \u00een dialogul dintre p\u0103r\u021bi\u201c, subliniind c\u0103, \u201ela fel ca \u015fi al\u0163i mediatori interna\u021bionali, este impresionat de operativitatea prin care sunt solu\u0163ionate cele mai complexe probleme \u0219i mizeaz\u0103 pe continuarea activit\u0103\u0163ii \u00een acest sens\u201d.<\/p>\n<p>El \u0219i-a exprimat speran\u021ba c\u0103 vor fi rezolvate operativ \u015fi alte probleme, inclusiv cele legate de utilizarea terenurilor \u00een raionul Dub\u0103sari. Totodat\u0103, diplomatul a atras aten\u021bia asupra unor dificult\u0103\u0163i \u201ede birou\u201d, care trebuie dep\u0103\u015fite \u201ecu eforturi comune\u201d.<\/p>\n<p>Krasnoselski a apreciat faptul c\u0103 \u201ecolegii europeni nu sunt indiferen\u021bi fa\u021b\u0103 de situa\u021bia din republic\u0103\u201d.<\/p>\n<p>El a subliniat c\u0103 Transnistria este gata pentru dialog \u015fi pentru m\u0103suri practice , consider\u00e2nd c\u0103 \u201eprincipiul \u00eendeplinirii obligatorii a acordurilor este unul fundamental\u201d.<\/p>\n<p>Michael Scanlan a vizitat Tiraspolul pentru a doua oar\u0103 \u00een aceast\u0103 s\u0103pt\u0103m\u00e2n\u0103. Mar\u021bi, el s-a \u00eent\u00e2lnit acolo cu ministrul de Externe, reprezentantul politic al regiunii \u00een cadrul negocierilor privind reglementarea transnistrean\u0103, Vitalii Ignatiev. Ei au discutat despre implementarea acordurilor anterioare \u0219i perspectivele de semnare a unor noi acorduri \u00een domenii aparte\u201d.<\/p>\n<p>Sursa:\u00a0<a href=\"http:\/\/www.infotag.md\/rebelion-ro\/263930\/\">http:\/\/www.infotag.md\/<\/a><\/p>\n","protected":false},"excerpt":{"rendered":"<p>OSCE a anun\u0163at dou\u0103 licita\u0163ii: pentru desf\u0103\u015furarea lucr\u0103rilor de repara\u0163ie \u015fi pentru procurarea echipamentelor pentru viitoarele puncte de \u00eenmatriculare a mijloacelor de transport din Tiraspol \u015fi R\u00eebni\u0163a. Despre aceasta a anun\u0163at \u00een ajun \u015feful Misiunii OSCE \u00een Moldova, Michael Scanlan, la \u00eentrevederea de la Tiraspol cu pre\u015fedintele autoproclamatei RMN, Vadim Krasnoselski. Potrivit agen\u0163iei INFOTAG cu&#8230;<\/p>\n","protected":false},"author":2,"featured_media":0,"comment_status":"closed","ping_status":"open","sticky":false,"template":"","format":"standard","meta":[],"categories":[1],"tags":[],"_links":{"self":[{"href":"https:\/\/centers.ulbsibiu.ro\/ccsprise\/lact\/wp-json\/wp\/v2\/posts\/4928"}],"collection":[{"href":"https:\/\/centers.ulbsibiu.ro\/ccsprise\/lact\/wp-json\/wp\/v2\/posts"}],"about":[{"href":"https:\/\/centers.ulbsibiu.ro\/ccsprise\/lact\/wp-json\/wp\/v2\/types\/post"}],"author":[{"embeddable":true,"href":"https:\/\/centers.ulbsibiu.ro\/ccsprise\/lact\/wp-json\/wp\/v2\/users\/2"}],"replies":[{"embeddable":true,"href":"https:\/\/centers.ulbsibiu.ro\/ccsprise\/lact\/wp-json\/wp\/v2\/comments?post=4928"}],"version-history":[{"count":1,"href":"https:\/\/centers.ulbsibiu.ro\/ccsprise\/lact\/wp-json\/wp\/v2\/posts\/4928\/revisions"}],"predecessor-version":[{"id":4929,"href":"https:\/\/centers.ulbsibiu.ro\/ccsprise\/lact\/wp-json\/wp\/v2\/posts\/4928\/revisions\/4929"}],"wp:attachment":[{"href":"https:\/\/centers.ulbsibiu.ro\/ccsprise\/lact\/wp-json\/wp\/v2\/media?parent=4928"}],"wp:term":[{"taxonomy":"category","embeddable":true,"href":"https:\/\/centers.ulbsibiu.ro\/ccsprise\/lact\/wp-json\/wp\/v2\/categories?post=4928"},{"taxonomy":"post_tag","embeddable":true,"href":"https:\/\/centers.ulbsibiu.ro\/ccsprise\/lact\/wp-json\/wp\/v2\/tags?post=4928"}],"curies":[{"name":"wp","href":"https:\/\/api.w.org\/{rel}","templated":true}]}}