{"id":4926,"date":"2018-06-15T16:10:27","date_gmt":"2018-06-15T14:10:27","guid":{"rendered":"https:\/\/centers.ulbsibiu.ro\/ccsprise\/lact\/?p=4926"},"modified":"2018-06-15T16:10:27","modified_gmt":"2018-06-15T14:10:27","slug":"publika-md-tudor-ulianovschi-subiectul-privind-retragerea-trupelor-ruse-din-transnistria-va-fi-discutat-la-adunarea-generala-a-onu-din-22-iunie","status":"publish","type":"post","link":"https:\/\/centers.ulbsibiu.ro\/ccsprise\/lact\/publika-md-tudor-ulianovschi-subiectul-privind-retragerea-trupelor-ruse-din-transnistria-va-fi-discutat-la-adunarea-generala-a-onu-din-22-iunie\/","title":{"rendered":"Publika.md &#8211; Tudor Ulianovschi: Subiectul privind retragerea trupelor ruse din Transnistria va fi discutat la Adunarea General\u0103 a ONU din 22 iunie"},"content":{"rendered":"<p><strong>Proiectul de rezolu\u0163ie, propus de Republica Moldova, privind retragerea trupelor ruse din regiunea transnistrean\u0103 va fi supus dezbaterilor la Adunarea General\u0103 ONU din 22 iunie. Asta dup\u0103 ce autorit\u0103\u0163ile de la Chi\u015fin\u0103u au re\u00eenregistrat la Secretariatul ONU cererea de examinare a proiectului \u015fi aceasta a fost acceptat\u0103.\u00a0 Despre acest lucru a anun\u0163at ministrul Afacerilor Externe \u015fi Integr\u0103rii Europene, Tudor Ulianovschi, \u00een cadrul unui briefing de pres\u0103.<\/strong><\/p>\n<p>&#8220;Anul trecut diploma\u0163ia moldoveneasc\u0103 a \u00eentreprins o serie de ac\u0163iuni \u00een vederea adopt\u0103rii \u00een cadrul ONU a unor decizii pertinente viz\u00e2nd retragerea complet\u0103 a for\u0163elor militare str\u0103ine de pe teritoriul Republicii Moldova. Aceast\u0103 ini\u0163iativ\u0103 a fost formulat\u0103 \u00een mod expres de prim-ministrul Republicii Moldova Pavel Filip \u00een discursul rostit de la tribuna Adun\u0103rii Generale a ONU la 22 septembrie 2017.<\/p>\n<p>\u00cen acest context s-au f\u0103cut auzite \u00een spa\u0163iul public \u015fi anumite note critice la adresa Guvernului precum c\u0103 acesta \u015fi-a schimbat pozi\u0163ia revoc\u00e2ndu-\u015fi aceast\u0103 ini\u0163iativ\u0103 de la ONU. Evolu\u0163iile ulterioare \u00een acest proces precum \u015fi m\u0103surile \u00eentreprinse de diploma\u0163ia moldoveneasc\u0103 au demonstrat c\u0103 tactica noastr\u0103 a fost una corect\u0103 \u015fi eficient\u0103.<\/p>\n<p>\u00cen cadrul acestui briefing vreau s\u0103 anun\u0163 c\u0103 Guvernul nu s-a dezis de ini\u0163iativa sa. <strong>Recent Secretariatul Na\u0163iunilor Unite a \u00eenregistrat proiectul de rezolu\u0163ie \u00eenaintat de Republica Moldova, intitulat &#8220;Retragerea complet\u0103 \u015fi necondi\u0163ionat\u0103 a for\u0163elor militare str\u0103ine de pe teritoriul Republicii Moldova. <\/strong><\/p>\n<p>Pentru moment se depun eforturi \u00een scopul asigur\u0103rii unui sprijin c\u00e2t mai larg al statelor ONU. Avem deja 10 state care au \u015fi coautorat proiectul rezolu\u0163iei respective.<\/p>\n<p><strong>Acest proiect de rezolu\u0163ie va fi fi examinat la 22 iunie 2018 \u00een cadrul \u015fedin\u0163ei Adun\u0103rii Generale a ONU.<\/strong> &#8220;, a spus Ulianovschi.<\/p>\n<p>&#8220;De\u015fi este un proiect bazat pe angajamentele asumate de Federa\u0163ia Rus\u0103 \u015fi pe necesitatea retragerii trupelor sale, conform principiilor de drept interna\u0163ional \u015fi Cartei ONU, a\u015ftept\u0103m ca \u0163\u0103rile ONU s\u0103 ne sus\u0163in\u0103 baz\u00e2ndu-se tot pe acelea\u015fi principii de drept interna\u0163ional \u015fi principiile Cartei ONU, demonstr\u00e2nd solidaritate cu demersul Republicii Moldova.<\/p>\n<p>Este important de men\u0163ionat faptul c\u0103 autorit\u0103\u0163ile moldovene\u015fti instit\u0103 asupra retragerii necondi\u0163ionate \u015fi complete a grupului operativ al trupelor ruse \u00een virtutea afl\u0103rii ilegale a acestora pe terotoriul Republicii Moldova, dar nu \u015fi a contigentului rotativ care face parte din componenta militar\u0103 a Comisiei Unificate de Control dislocat \u00een raioanele de est ale Republicii Moldova \u00een baza prevederilor acordului moldo-rus de \u00eencetare a focului din 21 iulie 1992. Or aceast\u0103 confuzie este creat\u0103 \u00een mod deliberat pentru a duce \u00een eroare opinia public\u0103&#8221;, a spus ministrul MAEIE.<\/p>\n<p>&#8220;F\u0103c\u00e2nd o privire retrospectiv\u0103 a evolu\u0163iei istoricului acestei probleme, ve\u0163i putea observa cu u\u015furin\u0163\u0103 c\u0103 autorit\u0103\u0163ile moldovene\u015fti au pledat \u00een mod constant \u015fi consecvent pentru retragerea de pe teritoriul s\u0103u a forma\u0163iunilor militare a Federa\u0163iei Ruse, o reminiscen\u0163\u0103 a fostei armate a 14-a, reorganizat\u0103 \u00een iulie 1995 \u00een a\u015fa-zisul grup operativ de trupe ruse, dislocate ilegal \u00een regiunea transnistrean\u0103 a Republicii Moldova.<\/p>\n<p>Voi invoca \u00een acest context multiplele demersuri tran\u015fante \u015fi transparente ale autorit\u0103\u0163ilor Republicii Moldova, formulate de la tribuna celor mai \u00eenalte forumuri interna\u0163ionale, \u00een special ONU \u015fi OSCE, dar \u015fi \u00een cadrul dialogului politic cu Federa\u0163ia Rus\u0103, privind activit\u0103\u0163ile militare desf\u0103\u015furate de grupul operativ, \u00een special organizarea \u00een comun cu pretinsele structuri de for\u0163\u0103 transnistrene a numeroaselor aplica\u0163ii militare, inclusiv cu simularea for\u0163\u0103rii r\u00e2ului Nistru.<\/p>\n<p>Or, aceasta constituie o \u00eenc\u0103lcare flagrant\u0103 a \u00eenc\u0103lc\u0103rii acordului moldo-rus de \u00eencetare a focului din 21 iulie 1992, potrivit c\u0103ruia for\u0163ele militare ale Federa\u0163iei Ruse s-au angajat s\u0103 respecte cu stricte\u0163e principiul neutralit\u0103\u0163ii \u00een raport cu p\u0103r\u0163ile aflate \u00een conflict&#8221;, a mai spus ministrul MAEIE, Tudor Ulianovschi.<\/p>\n<p>&#8220;Este evident c\u0103 un atare comportament nu poate fi perceput dec\u00e2t ca o amenin\u0163are direct\u0103 la adresa securit\u0103\u0163ii Republicii Moldova \u015fi ca o sfidare a suveranit\u0103\u0163ii \u015fi integrit\u0103\u0163ii teritoriale ale acesteia, inclusiv a prevederilor constitu\u0163ionale privind statutul de neutralitate \u015fi indisponibilitatea disloc\u0103rii pe teritoriul s\u0103u a unor for\u0163e militare str\u0103ine.<\/p>\n<p>\u00cen contextul perpetu\u0103rii crizei din Ucraina, <strong>intensificarea activit\u0103\u0163ilor militare a trupelor ruse \u015fi a structurilor de for\u0163\u0103 transnistrene contribuie la sporirea tensiunilor \u00een aceast\u0103 regiune a Europei.<\/strong><\/p>\n<p>Chestiunea privind retragerea trupelor ruse de pe teritoriul Republicii Moldova a fost abordat\u0103 \u00een repetate r\u00e2nduri \u00een cadrul OSCE, \u00eencep\u00e2nd cu anul 1992, \u00een particular \u00een cadrul reuniunilor ministeriale \u015fi a summiturilor OSCE, aceasta fiind oglindit\u0103 de r\u00e2nd cu problema conflictului transnistrean \u00een documente relevante ale acestei organiza\u0163ii.<\/p>\n<p>Voi invoca \u00een acest context, \u00een particular, declara\u0163ia politic\u0103 a summitului OSCE de la Budapesta din decembrie 1994, declara\u0163ia summitului OSCE de la Istanbul din noiembrie 1999 \u015fi actul final al conferin\u0163ei statelor participante la tratatul privind for\u0163ele armate conven\u0163ionale din Europa, care a avut loc a doua zi dup\u0103 summitul OSCE de la Istanbul, precum \u015fi declara\u0163ia politic\u0103 a reuniunii ministeriale a OSCE de la Porto din 2002.<\/p>\n<p>Voi remarca faptul c\u0103 Federa\u0163ia Rus\u0103 a retras, p\u00e2n\u0103 \u00een anul 2003, o parte din armament, tehnic\u0103 militar\u0103 \u015fi muni\u0163ii, fapt care a demonstrat c\u0103 acest lucru este unul posibil. Aceasta \u00eens\u0103 nu a \u00eendeplinit angajamentul asumat at\u00e2t pe plan bilateral c\u00e2t \u015fi \u00een cadrul OSCE de a retrage integral grupul operativ al trupelor ruse.<\/p>\n<p>Astfel<strong> \u00een regiunea transnistrean\u0103 mai persist\u0103 o prezen\u0163\u0103 ilegal\u0103 a Federa\u0163iei Rus\u0103 \u00een persoana celor 1.500-1.700 de militari care constituie a\u015fa-zisul grup operatic, \u015fi circa 21.000 de tone de muni\u0163ii stocate \u00een depozitele din Cobasna<\/strong>,<strong> or cifrele exacte sunt cunoscute doar autorit\u0103\u0163ilor ruse\u015fti,<\/strong> av\u00e2nd \u00een vedere c\u0103 acest teritoriu se afl\u0103 provizoriu \u00een afara controlului constitu\u0163ional al Republicii Moldova, precum \u015fi lipsa total\u0103 de transparen\u0163\u0103 \u00een acest sens.<\/p>\n<p>Federa\u0163ia Rus\u0103 \u015fi-a asumat \u00een repetate r\u00e2nduri angajamentul de a retrage trupele sale din acest\u0103 zon\u0103. Potrivit prevederilor Acordului privind principiile reglement\u0103rii pa\u015fnice a conflictului armat din regiunea transnistrean\u0103 a Republicii Moldova semnat la Moscova la 21 iulie 1992, conducerea Federa\u0163iei Ruse \u015fi-a exprimat disponibilitatea de a negocia cu Republica Moldova un acord privind statutul, modul \u015fi termenele de retragere treptat\u0103 a forma\u0163iunilor sale de pe teritoriul Republicii Moldova.<\/p>\n<p><strong>\u00cen rezultatul unor negocieri care au durat peste 2 ani, un acord cu privire la statutul juridic, modul \u015fi termenul de retragere treptat\u0103 a acestor forma\u0163iuni militare ruse a fost semnat pe 21 octombrie 1994 la Moscova. Cu regret \u00eens\u0103, acordul a r\u0103mas liter\u0103 moart\u0103 din cauza refuzului p\u0103r\u0163ii ruse de a-l pune \u00een vigoare.<\/strong><\/p>\n<p>Astfel examinarea proiectului de rezolu\u0163ie propus de Republica Moldova la ONU, \u00een premier\u0103 de la ob\u0163inerea independen\u0163ei sale, va constitui un exerci\u0163iu importat de aplicare de c\u0103tre ONU a diploma\u0163iei preventive \u00een raport cu o \u0163ar\u0103 membru \u015fi o regiune unde pacea \u015fi securitatea este subminat\u0103 de lipsa unui dialog \u015fi nerespectarea principiilor fundamentale de drept interna\u0163ional&#8221;, a declarat ministrul Afacerilor Externe \u015fi Integr\u0103rii Europene, Tudor Ulianovschi.<\/p>\n<p>\u00cen acest context, <strong>analistul politic Corneliu Ciurea sus\u0163ine c\u0103, chiar dac\u0103 rezolu\u0163ia va fi sus\u0163inut\u0103 la ONU, Federa\u0163ia Rus\u0103 va refuza s\u0103-\u015fi retrag\u0103 trupele de pe teritoriul Republicii Moldova: <\/strong><\/p>\n<p>&#8220;Rusia \u00ee\u015fi va expune opiniiile sale reie\u015find din faptul c\u0103 sunt contra s\u0103-\u015fi ia militarii din regiunea transnistrean\u0103. Rezolu\u0163ia nu va avea efect chiar dac\u0103 va fi votat\u0103 reie\u015find din pozi\u0163iile Rusiei \u015fi a Tiraspolului. Trebuie s\u0103 fim reali\u015fti, dac\u0103 se va semna Rezolu\u0163ia, atunci Rusia nu-\u015fi va lua trupele militare. Pentru noi, \u00eens\u0103, rezolu\u0163ia este important\u0103 ca sus\u0163inere din partea ONU&#8221;, a spus analistul politic, Corneliu Ciurea.<\/p>\n<p>Iar colonelul \u00een rezerv\u0103, Alexandru Popescu, este de p\u0103rere c\u0103 autorit\u0103\u0163ile de la Chi\u015fin\u0103u trebuie s\u0103-\u015fi men\u0163in\u0103 pozi\u0163ia pentru a aduce stabilitate \u00een \u0163ar\u0103.<\/p>\n<p>&#8220;Noi trebuie s\u0103 mergem cu pa\u015fi siguri, chiar dac\u0103 Rusia dore\u015fte s\u0103-\u015fi men\u0163in\u0103 pozi\u0163ia \u00een regiunea transnistrean\u0103. Rezolu\u0163ia este important\u0103 pentru noi, va aduce stabilitate&#8221;, a declarat colonelul \u00een rezerv\u0103 de la SIS, Alexandru Popescu.<\/p>\n<p>Amintim c\u0103 joi, \u00een cadrul \u00eentrunirii Comisiei Unificate de Control,\u00a0<strong>Chi\u0219in\u0103ul a men\u021bionat c\u0103, pe \u015foseaua Tiraspol &#8211; R\u00e2bni\u021ba, au fost observate trei coloane cu blindate care ar apar\u021bine Grupului Operativ al Trupelor Ruse.<\/strong><\/p>\n<p>Mai mult, acestea erau \u00eenso\u021bite de automobilele speciale ale a\u0219a numitei poli\u021bii din regiunea separatist\u0103.<\/p>\n<p>La solicitarea Chi\u0219in\u0103ului,\u00a0<strong>Tiraspolul a men\u021bionat c\u0103 tehnica militar\u0103 se afl\u0103 \u00een locurile de dislocare permanent\u0103 \u0219i nu circul\u0103 prin zona de securitate.<\/strong><\/p>\n<p>Reprezentan\u021bii Rusiei \u00een Comisia Unificat\u0103 de Control au declarat c\u0103 se vor informa asupra acestui caz.<\/p>\n<p>Cite\u0219te mai mult: <a href=\"https:\/\/www.publika.md\/tudor-ulianovschi-subiectul-privind-retragerea-trupelor-ruse-din-transnistria-va-fi-discutat-la-adunarea-generala-a-onu-din-22-iunie_3009580.html#ixzz5IVFnRBP5\">https:\/\/www.publika.md\/tudor-ulianovschi-subiectul-privind-retragerea-trupelor-ruse-din-transnistria-va-fi-discutat-la-adunarea-generala-a-onu-din-22-iunie_3009580.html#ixzz5IVFnRBP5<\/a><br \/>\nFollow us: <a href=\"https:\/\/ec.tynt.com\/b\/rw?id=dWcNF856Wr5OkPrkHcnlKl&amp;u=publikatv\" target=\"_blank\" rel=\"noopener\">@publikatv on Twitter<\/a> | <a href=\"https:\/\/ec.tynt.com\/b\/rf?id=dWcNF856Wr5OkPrkHcnlKl&amp;u=publika.md\" target=\"_blank\" rel=\"noopener\">publika.md on Facebook<\/a><\/p>\n","protected":false},"excerpt":{"rendered":"<p>Proiectul de rezolu\u0163ie, propus de Republica Moldova, privind retragerea trupelor ruse din regiunea transnistrean\u0103 va fi supus dezbaterilor la Adunarea General\u0103 ONU din 22 iunie. Asta dup\u0103 ce autorit\u0103\u0163ile de la Chi\u015fin\u0103u au re\u00eenregistrat la Secretariatul ONU cererea de examinare a proiectului \u015fi aceasta a fost acceptat\u0103.\u00a0 Despre acest lucru a anun\u0163at ministrul Afacerilor Externe&#8230;<\/p>\n","protected":false},"author":2,"featured_media":0,"comment_status":"closed","ping_status":"open","sticky":false,"template":"","format":"standard","meta":[],"categories":[1],"tags":[],"_links":{"self":[{"href":"https:\/\/centers.ulbsibiu.ro\/ccsprise\/lact\/wp-json\/wp\/v2\/posts\/4926"}],"collection":[{"href":"https:\/\/centers.ulbsibiu.ro\/ccsprise\/lact\/wp-json\/wp\/v2\/posts"}],"about":[{"href":"https:\/\/centers.ulbsibiu.ro\/ccsprise\/lact\/wp-json\/wp\/v2\/types\/post"}],"author":[{"embeddable":true,"href":"https:\/\/centers.ulbsibiu.ro\/ccsprise\/lact\/wp-json\/wp\/v2\/users\/2"}],"replies":[{"embeddable":true,"href":"https:\/\/centers.ulbsibiu.ro\/ccsprise\/lact\/wp-json\/wp\/v2\/comments?post=4926"}],"version-history":[{"count":1,"href":"https:\/\/centers.ulbsibiu.ro\/ccsprise\/lact\/wp-json\/wp\/v2\/posts\/4926\/revisions"}],"predecessor-version":[{"id":4927,"href":"https:\/\/centers.ulbsibiu.ro\/ccsprise\/lact\/wp-json\/wp\/v2\/posts\/4926\/revisions\/4927"}],"wp:attachment":[{"href":"https:\/\/centers.ulbsibiu.ro\/ccsprise\/lact\/wp-json\/wp\/v2\/media?parent=4926"}],"wp:term":[{"taxonomy":"category","embeddable":true,"href":"https:\/\/centers.ulbsibiu.ro\/ccsprise\/lact\/wp-json\/wp\/v2\/categories?post=4926"},{"taxonomy":"post_tag","embeddable":true,"href":"https:\/\/centers.ulbsibiu.ro\/ccsprise\/lact\/wp-json\/wp\/v2\/tags?post=4926"}],"curies":[{"name":"wp","href":"https:\/\/api.w.org\/{rel}","templated":true}]}}