{"id":4924,"date":"2018-06-15T16:05:16","date_gmt":"2018-06-15T14:05:16","guid":{"rendered":"https:\/\/centers.ulbsibiu.ro\/ccsprise\/lact\/?p=4924"},"modified":"2018-06-15T16:05:16","modified_gmt":"2018-06-15T14:05:16","slug":"gov-md-misiunea-osce-in-moldova-a-fost-sesizata-in-legatura-cu-deplasarea-neautorizata-a-unor-coloane-de-tehnica-militara-prin-perimetrul-zonei-de-securitate","status":"publish","type":"post","link":"https:\/\/centers.ulbsibiu.ro\/ccsprise\/lact\/gov-md-misiunea-osce-in-moldova-a-fost-sesizata-in-legatura-cu-deplasarea-neautorizata-a-unor-coloane-de-tehnica-militara-prin-perimetrul-zonei-de-securitate\/","title":{"rendered":"Gov.md &#8211; Misiunea OSCE \u00een Moldova a fost sesizat\u0103 \u00een leg\u0103tur\u0103 cu deplasarea neautorizat\u0103 a unor coloane de tehnic\u0103 militar\u0103 prin perimetrul Zonei de Securitate"},"content":{"rendered":"<p>Biroul politici de reintegrare \u00ee\u0219i exprim\u0103 profunda \u00eengrijorare \u00een leg\u0103tur\u0103 cu incidentul ce a avut loc pe data de 14 iunie 2018, fiind fixat faptul deplas\u0103rii pe traseul Tiraspol-Grigoriopol-Dub\u0103sari-R\u00e2bni\u021ba a 3 coloane de autocamioane de tip URAL, ZIL, KAMAZ, UAZ, tehnic\u0103 \u0219i blindate militare de tip TAB, DRDM \u00een num\u0103r de aproximativ 40 de unit\u0103\u021bi, care erau escortate de mijloace de transport speciale ale a\u0219a-numitei structuri mili\u021biene\u0219ti din regiunea transnistrean\u0103.<\/p>\n<p>Totodat\u0103, \u00een procesul de documentare a acestora s-a constatat c\u0103 pe majoritatea din aceste unit\u0103\u021bi era aplicat\u0103 nejustificat simbolica for\u021belor de pacificare, \u00een timp ce ultimele nu dispun de asemenea dot\u0103ri tehnice \u0219i reie\u0219ind din faptul c\u0103 o parte din autovehicule aveau aplicate stickere cu drapelul Federa\u021biei Ruse \u0219i numere militare ruse, poate fi presupus\u0103 apartenen\u021ba lor la Grupul Operativ al Trupelor Ruse (GOTR), dislocat ilegal \u00een raioanele de est ale \u021b\u0103rii.<\/p>\n<p>Dat fiind c\u0103 incidentul \u00een cauz\u0103 s-a desf\u0103\u0219urat \u00een perimetrul Zonei de Securitate, cu \u00eenc\u0103lcarea grav\u0103 a regimului existent, acest subiect a fost abordat de c\u0103tre partea moldoveneasc\u0103 la \u0219edin\u021bele Comisiei Unificate de Control \u0219i ale Comandamentului Militar \u00centrunit din 14 \u0219i 15 iunie curent, cu solicitarea de explica\u021bii din partea componentelor Federa\u021biei Ruse \u0219i a Tiraspolului. Reprezentan\u021bii Tiraspolului au men\u021bionat despre lipsa c\u0103reiva implic\u0103ri a tehnicii \u0219i contingentelor a\u0219a-numitelor structuri de for\u021b\u0103 transnistrene, iar exponen\u021bii Federa\u021biei Ruse au precizat c\u0103 se vor documenta pe marginea circumstan\u021belor acestui caz \u0219i vor reveni cu o reac\u021bie ulterior.<\/p>\n<p>Atragem aten\u021bia c\u0103 prin incidentul dat au fost \u00eenc\u0103lcate expres prevederile art.4 din Acordul cu privire la principiile de reglementare pa\u0219nic\u0103 a conflictului armat din regiunea transnistrean\u0103 a Republicii Moldova din 21.07.1992 (obligativitatea respect\u0103rii neutralit\u0103\u021bii de c\u0103tre efectivele fostei armate a 14-a a Federa\u021biei Ruse, dislocate \u00een Republica Moldova), pct.4.2. din Protocolul CUC nr.828 din 13.01.2017 (necesitatea inform\u0103rii prealabile a CUC despre orice deplasare prin Zona de Securitate a unit\u0103\u021bilor, forma\u021biunilor, tehnicii \u0219i echipamentelor militare ce nu apar\u021bin contingentului for\u021belor de pacificare, precum \u0219i a aprob\u0103rii \u00een acest sens a unei decizii a CUC) \u0219i a prevederilor altor documente ale CUC.<\/p>\n<p>\u00cen acest sens, a fost depus\u0103 o sesizare c\u0103tre Misiunea OSCE \u00een Moldova cu solicitarea de a informa despre acest incident Centrul pentru Prevenirea Conflictelor din cadrul OSCE de la Viena \u0219i de a dispune m\u0103surile ce se impun \u00een vederea prevenirii ulterioare a unor asemenea ac\u021biuni unilaterale \u0219i provocatoare \u00een zona de responsabilitate a opera\u021biunii de pacificare \u0219i \u00een localit\u0103\u021bile din st\u00e2nga Nistrului.<\/p>\n<p>Reamintim faptul c\u0103 aceasta nu este prima abatere de la cerin\u021bele Acordului din 21.07.1992, mi\u0219c\u0103ri analogice de tehnic\u0103 \u0219i de efective militare ale GOTR fiind depistate \u0219i anterior, cea mai recent\u0103 av\u00e2nd loc \u00een luna decembrie 2017.<\/p>\n<p>Sursa:\u00a0<a href=\"https:\/\/gov.md\/ro\/content\/misiunea-osce-moldova-fost-sesizata-legatura-cu-deplasarea-neautorizata-unor-coloane-de\">https:\/\/gov.md\/<\/a><\/p>\n","protected":false},"excerpt":{"rendered":"<p>Biroul politici de reintegrare \u00ee\u0219i exprim\u0103 profunda \u00eengrijorare \u00een leg\u0103tur\u0103 cu incidentul ce a avut loc pe data de 14 iunie 2018, fiind fixat faptul deplas\u0103rii pe traseul Tiraspol-Grigoriopol-Dub\u0103sari-R\u00e2bni\u021ba a 3 coloane de autocamioane de tip URAL, ZIL, KAMAZ, UAZ, tehnic\u0103 \u0219i blindate militare de tip TAB, DRDM \u00een num\u0103r de aproximativ 40 de unit\u0103\u021bi,&#8230;<\/p>\n","protected":false},"author":2,"featured_media":0,"comment_status":"closed","ping_status":"open","sticky":false,"template":"","format":"standard","meta":[],"categories":[1],"tags":[],"_links":{"self":[{"href":"https:\/\/centers.ulbsibiu.ro\/ccsprise\/lact\/wp-json\/wp\/v2\/posts\/4924"}],"collection":[{"href":"https:\/\/centers.ulbsibiu.ro\/ccsprise\/lact\/wp-json\/wp\/v2\/posts"}],"about":[{"href":"https:\/\/centers.ulbsibiu.ro\/ccsprise\/lact\/wp-json\/wp\/v2\/types\/post"}],"author":[{"embeddable":true,"href":"https:\/\/centers.ulbsibiu.ro\/ccsprise\/lact\/wp-json\/wp\/v2\/users\/2"}],"replies":[{"embeddable":true,"href":"https:\/\/centers.ulbsibiu.ro\/ccsprise\/lact\/wp-json\/wp\/v2\/comments?post=4924"}],"version-history":[{"count":1,"href":"https:\/\/centers.ulbsibiu.ro\/ccsprise\/lact\/wp-json\/wp\/v2\/posts\/4924\/revisions"}],"predecessor-version":[{"id":4925,"href":"https:\/\/centers.ulbsibiu.ro\/ccsprise\/lact\/wp-json\/wp\/v2\/posts\/4924\/revisions\/4925"}],"wp:attachment":[{"href":"https:\/\/centers.ulbsibiu.ro\/ccsprise\/lact\/wp-json\/wp\/v2\/media?parent=4924"}],"wp:term":[{"taxonomy":"category","embeddable":true,"href":"https:\/\/centers.ulbsibiu.ro\/ccsprise\/lact\/wp-json\/wp\/v2\/categories?post=4924"},{"taxonomy":"post_tag","embeddable":true,"href":"https:\/\/centers.ulbsibiu.ro\/ccsprise\/lact\/wp-json\/wp\/v2\/tags?post=4924"}],"curies":[{"name":"wp","href":"https:\/\/api.w.org\/{rel}","templated":true}]}}