{"id":4921,"date":"2018-06-14T18:07:29","date_gmt":"2018-06-14T16:07:29","guid":{"rendered":"https:\/\/centers.ulbsibiu.ro\/ccsprise\/lact\/?p=4921"},"modified":"2018-06-14T18:07:47","modified_gmt":"2018-06-14T16:07:47","slug":"deschide-md-canduplahotniuc-s-a-inteles-cu-gusan-pentru-semnarea-protocoalelor-cu-tiraspolul-rusii-au-avut-soc","status":"publish","type":"post","link":"https:\/\/centers.ulbsibiu.ro\/ccsprise\/lact\/deschide-md-canduplahotniuc-s-a-inteles-cu-gusan-pentru-semnarea-protocoalelor-cu-tiraspolul-rusii-au-avut-soc\/","title":{"rendered":"Deschide.md &#8211; Candu: Plahotniuc s-a \u00een\u021beles cu Gu\u0219an pentru semnarea protocoalelor cu Tiraspolul. Ru\u0219ii au avut \u0219oc"},"content":{"rendered":"<p>Author: Svetlana Maftei<\/p>\n<p>Pre\u0219edintele Parlamentului Andrian Candu, a recunoscut \u00eentr-un interviu acordat publica\u021biei ucrainene cenzor.ua, c\u0103 cele patru protocoale semnate cu transnistrenii au fost posibile datorit\u0103 unei \u00een\u021belegeri prealabile \u00eentre Vlad Plahotniuc \u0219i Victor Gu\u0219an (liderul concernului Sheriff \u0219i conduc\u0103torul de facto al regiunii separatiste).<\/p>\n<p>Candu a spus c\u0103, urmare a \u00eent\u00e2lnirii dintre Plahotniuc \u0219i Gu\u0219an, s-a stabilit crearea unor grupuri de lucru care aveau s\u0103 elaboreze cele patru protocoale, \u00eens\u0103 toate ac\u021biunile trebuiau s\u0103 aib\u0103 loc \u00een mod discret. Oficialul mai spus c\u0103 ceilal\u021bi participan\u021bi \u00een formatul \u201e5+2\u201d au fost \u0219oca\u0163i c\u00e2nd Chi\u0219in\u0103ul \u0219i Tiraspolul i-au anun\u021bat c\u0103 au g\u0103sit solu\u021bii pentru cele patru probleme vizate.<\/p>\n<p>\u201eVoi spune mai mult, am ob\u021binut rezultate bune datorit\u0103 faptului c\u0103 am ie\u0219it din negocierile Rusiei, \u00een primul r\u00e2nd.\u00a0Primele discu\u021bii au fost \u00eentre Plahotniuc \u0219i Gu\u0219an despre necesitatea g\u0103sirii unei solu\u021bii.\u00a0Ca s\u0103 cre\u0103m oficial comitete \u0219i grupuri de exper\u021bi, dar vom lucra &#8220;discret&#8221;. Adic\u0103\u00a0f\u0103r\u0103 publicitate.\u00a0Exper\u021bii \u0219i grupurile guvernamentale din ambele p\u0103r\u021bi s-au \u00eent\u00e2lnit, dar au lucrat \u00eentr-o atmosfer\u0103 confiden\u021bial\u0103.\u00a0\u0218i c\u00e2nd protocoalele au fost gata, evident nesemnate, au fost preg\u0103tite toate deciziile \u0219i, cu dou\u0103 s\u0103pt\u0103m\u00e2ni \u00eenainte de \u00eent\u00e2lnirea de la Viena, am spus: &#8220;Gata, noi am g\u0103sit solu\u021bii!&#8221;.\u00a0\u0218i apoi am informat deja to\u021bi membrii formatului 5+2 (Moldova \u0219i Transnistria &#8211; p\u0103r\u021bile implicate \u00een conflict, OSCE, Rusia \u0219i Ucraina &#8211; mediatorii, observatorii UE \u0219i SUA, &#8211; n.r). To\u021bi au fost \u00een \u0219oc, mai ales ru\u0219ii\u201d, a declarat Candu \u00een interviul citat.<\/p>\n<p>Textul complet:\u00a0<a href=\"https:\/\/deschide.md\/ro\/stiri\/social\/32442\/Candu-Plahotniuc-s-a-%EEn\u021beles-cu-Gu\u0219an-pentru-semnarea-protocoalelor-cu-Tiraspolul-Ru\u0219ii-au-avut-\u0219oc.htm\">https:\/\/deschide.md\/<\/a><\/p>\n","protected":false},"excerpt":{"rendered":"<p>Author: Svetlana Maftei Pre\u0219edintele Parlamentului Andrian Candu, a recunoscut \u00eentr-un interviu acordat publica\u021biei ucrainene cenzor.ua, c\u0103 cele patru protocoale semnate cu transnistrenii au fost posibile datorit\u0103 unei \u00een\u021belegeri prealabile \u00eentre Vlad Plahotniuc \u0219i Victor Gu\u0219an (liderul concernului Sheriff \u0219i conduc\u0103torul de facto al regiunii separatiste). Candu a spus c\u0103, urmare a \u00eent\u00e2lnirii dintre Plahotniuc \u0219i&#8230;<\/p>\n","protected":false},"author":2,"featured_media":0,"comment_status":"closed","ping_status":"open","sticky":false,"template":"","format":"standard","meta":[],"categories":[1],"tags":[],"_links":{"self":[{"href":"https:\/\/centers.ulbsibiu.ro\/ccsprise\/lact\/wp-json\/wp\/v2\/posts\/4921"}],"collection":[{"href":"https:\/\/centers.ulbsibiu.ro\/ccsprise\/lact\/wp-json\/wp\/v2\/posts"}],"about":[{"href":"https:\/\/centers.ulbsibiu.ro\/ccsprise\/lact\/wp-json\/wp\/v2\/types\/post"}],"author":[{"embeddable":true,"href":"https:\/\/centers.ulbsibiu.ro\/ccsprise\/lact\/wp-json\/wp\/v2\/users\/2"}],"replies":[{"embeddable":true,"href":"https:\/\/centers.ulbsibiu.ro\/ccsprise\/lact\/wp-json\/wp\/v2\/comments?post=4921"}],"version-history":[{"count":2,"href":"https:\/\/centers.ulbsibiu.ro\/ccsprise\/lact\/wp-json\/wp\/v2\/posts\/4921\/revisions"}],"predecessor-version":[{"id":4923,"href":"https:\/\/centers.ulbsibiu.ro\/ccsprise\/lact\/wp-json\/wp\/v2\/posts\/4921\/revisions\/4923"}],"wp:attachment":[{"href":"https:\/\/centers.ulbsibiu.ro\/ccsprise\/lact\/wp-json\/wp\/v2\/media?parent=4921"}],"wp:term":[{"taxonomy":"category","embeddable":true,"href":"https:\/\/centers.ulbsibiu.ro\/ccsprise\/lact\/wp-json\/wp\/v2\/categories?post=4921"},{"taxonomy":"post_tag","embeddable":true,"href":"https:\/\/centers.ulbsibiu.ro\/ccsprise\/lact\/wp-json\/wp\/v2\/tags?post=4921"}],"curies":[{"name":"wp","href":"https:\/\/api.w.org\/{rel}","templated":true}]}}