{"id":4919,"date":"2018-06-14T17:44:59","date_gmt":"2018-06-14T15:44:59","guid":{"rendered":"https:\/\/centers.ulbsibiu.ro\/ccsprise\/lact\/?p=4919"},"modified":"2018-06-14T17:44:59","modified_gmt":"2018-06-14T15:44:59","slug":"gov-md-delegatia-republicii-moldova-in-comisia-unificata-de-control-este-profund-ingrijorata-de-actiunile-militare-din-zona-de-securitate","status":"publish","type":"post","link":"https:\/\/centers.ulbsibiu.ro\/ccsprise\/lact\/gov-md-delegatia-republicii-moldova-in-comisia-unificata-de-control-este-profund-ingrijorata-de-actiunile-militare-din-zona-de-securitate\/","title":{"rendered":"Gov.md &#8211; Delega\u021bia Republicii Moldova \u00een Comisia Unificat\u0103 de Control este profund \u00eengrijorat\u0103 de ac\u021biunile militare din Zona de Securitate"},"content":{"rendered":"<p>La 14 iunie, \u00een or. Bender, componentele Comisiei Unificate de Control (CUC) s-au convocat \u00eentr-o \u0219edin\u021b\u0103 prezidat\u0103 de delega\u021bia Republicii Moldova.<\/p>\n<p>Comisia a aprobat numirea unui nou observator militar din partea Republicii Moldova &#8211; \u00a0locotenent-colonelul Ianu\u0219 Mu\u0219et.<\/p>\n<p>Potrivit raportului\u00a0 s\u0103pt\u0103m\u00e2nal \u00a0al Comandamentului Militar \u00centrunit situa\u021bia \u00een Zona de Securitate a fost calificat\u0103 ca fiind f\u0103r\u0103 incidente excep\u021bionale.<\/p>\n<p>Concomitent, delega\u021bia Chi\u0219in\u0103ului \u0219i-a exprimat profunda \u00eengrijorare \u00een leg\u0103tur\u0103 cu \u00eenc\u0103lcarea flagrant\u0103 a Acordului moldo\u2013rus din 21 iulie 1992.<\/p>\n<p>Astfel, azi, 14 iunie, \u00eencep\u00e2nd cu ora 08:30, pe traseul Tiraspol \u2013 R\u00e2bni\u021ba, direc\u021bia Grigoriopol \u2013 Dub\u0103sari, au fost fixate 3 coloane cu tehnic\u0103 militar\u0103 auto \u0219i blindat\u0103 de diferite tipuri (TAB, DRDM) (posibil ale Grupului Operativ al Trupelor Ruse), care se deplasau fiind \u00eenso\u021bite de automobilele speciale ale structurilor neconstitu\u021bionale de mili\u021bie.<\/p>\n<p>Fiind solicitat r\u0103spunsul celorlalte componente asupra deplas\u0103rii coloanelor militare, componenta transnistrean\u0103 \u00een CUC a specificat c\u0103 toat\u0103 tehnica militar\u0103 a Tiraspolului se afl\u0103 \u00een locurile de dislocare permanent\u0103 \u0219i nu circul\u0103 prin Zona de Securitate, iar reprezentan\u021bii Federa\u021biei Ruse a informat c\u0103 se va documenta pe cazul dat \u0219i va informa CUC la urm\u0103toarea \u0219edin\u021b\u0103 care va \u00a0avea loc la 21 iunie 2018.<\/p>\n<p>Ulterior, la insisten\u021ba p\u0103r\u021bii moldovene\u0219ti din cadrul Comandamentului Militar \u00centrunit, grupul observatorilor militari din Republica Moldova, Federa\u021bia Rus\u0103, Ucraina \u0219i regiunea transnistrean\u0103 au \u00eenceput deplasarea pe traseul sus-numit, pentru a fixa \u00eenc\u0103lcarea regimului Zonei de Securitate.<\/p>\n<p>Vom reveni cu detalii.<\/p>\n<p>&nbsp;<\/p>\n<p><strong>Delega\u021bia Republicii Moldova \u00een CUC\u00a0<\/strong><\/p>\n<p>&nbsp;<\/p>\n<p>Sursa:\u00a0<a href=\"https:\/\/gov.md\/ro\/content\/delegatia-republicii-moldova-comisia-unificata-de-control-este-profund-ingrijorata-de\">https:\/\/gov.md\/<\/a><\/p>\n","protected":false},"excerpt":{"rendered":"<p>La 14 iunie, \u00een or. Bender, componentele Comisiei Unificate de Control (CUC) s-au convocat \u00eentr-o \u0219edin\u021b\u0103 prezidat\u0103 de delega\u021bia Republicii Moldova. Comisia a aprobat numirea unui nou observator militar din partea Republicii Moldova &#8211; \u00a0locotenent-colonelul Ianu\u0219 Mu\u0219et. Potrivit raportului\u00a0 s\u0103pt\u0103m\u00e2nal \u00a0al Comandamentului Militar \u00centrunit situa\u021bia \u00een Zona de Securitate a fost calificat\u0103 ca fiind f\u0103r\u0103&#8230;<\/p>\n","protected":false},"author":2,"featured_media":0,"comment_status":"closed","ping_status":"open","sticky":false,"template":"","format":"standard","meta":[],"categories":[1],"tags":[],"_links":{"self":[{"href":"https:\/\/centers.ulbsibiu.ro\/ccsprise\/lact\/wp-json\/wp\/v2\/posts\/4919"}],"collection":[{"href":"https:\/\/centers.ulbsibiu.ro\/ccsprise\/lact\/wp-json\/wp\/v2\/posts"}],"about":[{"href":"https:\/\/centers.ulbsibiu.ro\/ccsprise\/lact\/wp-json\/wp\/v2\/types\/post"}],"author":[{"embeddable":true,"href":"https:\/\/centers.ulbsibiu.ro\/ccsprise\/lact\/wp-json\/wp\/v2\/users\/2"}],"replies":[{"embeddable":true,"href":"https:\/\/centers.ulbsibiu.ro\/ccsprise\/lact\/wp-json\/wp\/v2\/comments?post=4919"}],"version-history":[{"count":1,"href":"https:\/\/centers.ulbsibiu.ro\/ccsprise\/lact\/wp-json\/wp\/v2\/posts\/4919\/revisions"}],"predecessor-version":[{"id":4920,"href":"https:\/\/centers.ulbsibiu.ro\/ccsprise\/lact\/wp-json\/wp\/v2\/posts\/4919\/revisions\/4920"}],"wp:attachment":[{"href":"https:\/\/centers.ulbsibiu.ro\/ccsprise\/lact\/wp-json\/wp\/v2\/media?parent=4919"}],"wp:term":[{"taxonomy":"category","embeddable":true,"href":"https:\/\/centers.ulbsibiu.ro\/ccsprise\/lact\/wp-json\/wp\/v2\/categories?post=4919"},{"taxonomy":"post_tag","embeddable":true,"href":"https:\/\/centers.ulbsibiu.ro\/ccsprise\/lact\/wp-json\/wp\/v2\/tags?post=4919"}],"curies":[{"name":"wp","href":"https:\/\/api.w.org\/{rel}","templated":true}]}}