{"id":4917,"date":"2018-06-13T18:13:53","date_gmt":"2018-06-13T16:13:53","guid":{"rendered":"https:\/\/centers.ulbsibiu.ro\/ccsprise\/lact\/?p=4917"},"modified":"2018-06-13T18:13:53","modified_gmt":"2018-06-13T16:13:53","slug":"infotag-md-transnistria-va-alege-un-antreprenor-care-se-va-ocupa-de-amenajarea-punctului-de-inmatriculare-a-vehiculelor","status":"publish","type":"post","link":"https:\/\/centers.ulbsibiu.ro\/ccsprise\/lact\/infotag-md-transnistria-va-alege-un-antreprenor-care-se-va-ocupa-de-amenajarea-punctului-de-inmatriculare-a-vehiculelor\/","title":{"rendered":"Infotag.md &#8211; TRANSNISTRIA VA ALEGE UN ANTREPRENOR CARE SE VA OCUPA DE AMENAJAREA PUNCTULUI DE \u00ceNMATRICULARE A VEHICULELOR"},"content":{"rendered":"<p>\u00cen timpul apropiat, \u00een Transnistria va fi organizat\u0103 o licita\u021bie pentru a selecta \u00eentreprinderea care se va ocupa cu amenajarea \u015fi echiparea la Tiraspol \u0219i R\u00e2bni\u021ba a punctelor de \u00eenmatriculare a autoturismelor cu numere neutre. Despre aceasta a comunicat \u00een ajun ministrul de externe, Vitalii Ignatiev, la \u00eentrevederea cu pre\u0219edintele autoproclamatei RMN, Vadim Krasnoselski, c\u0103ruia i-a raportat despre implementarea deciziilor protocolare semnate cu Moldova.<\/p>\n<p>Potrivit agen\u021biei INFOTAG cu referire la site-ul liderului de la Tiraspol, el \u0219i-a exprimat speran\u021ba c\u0103 toate lucr\u0103rile necesare vor fi efectuate \u00een termen \u0219i de la 1 septembrie locuitorii Transnistriei vor putea utiliza mecanismul convenit pentru eliberarea pl\u0103cu\u021belor de \u00eenmatriculare \u0219i certificatelor de \u00eenmatriculare a vehiculelor, care permit proprietarilor acestora s\u0103 participe la traficul rutier interna\u021bional.<\/p>\n<p>\u201eIeri a avut loc o nou\u0103 \u00eentrevedere a exper\u021bilor \u00een domeniul tehnic pentru a determina parametrii de finan\u021bare \u0219i alte mijloace tehnice necesare pentru a deschide p\u00e2n\u0103 la 1 septembrie punctele func\u021bionale pentru \u00eenmatricularea vehiculelor. Am discutat acest subiect \u0219i cu \u015feful Misiunii OSCE \u00een Moldova, Michael Scanlan. Misiunea OSCE, Pre\u0219edin\u021bia Italiei \u0219i alte \u021b\u0103ri sunt predispuse s\u0103 contribuie. E un lucru sistematic\u201d, a spus Ignatiev.<\/p>\n<p>Vorbind despre problema telecomunica\u021biilor cu Moldova, el a comunicat c\u0103 \u201ep\u0103r\u021bile au stabilit termenii de coordonare a unei foi de parcurs corespunz\u0103toare \u0219i au loc negocieri privind desf\u0103\u0219urarea urm\u0103toarei \u00eentrevederi. \u00cen domeniul s\u0103n\u0103t\u0103\u021bii, \u201econtinu\u0103 discu\u021bia transnistrean\u0103-moldoveneasc\u0103 privind schimbul de medicamente \u0219i \u00eentocmirea unei liste de preparate\u201d.<\/p>\n<p>Referitor la situa\u021bia terenurilor din raionul Dub\u0103sari\u201d, Ignatiev a spus c\u0103, deocamdat\u0103, doar \u0219apte utilizatori de terenuri din Moldova au primit certificate de utilizare temporar\u0103 a acestora.<\/p>\n<p>\u201eEste vorba de 500 de hectare de p\u0103m\u00e2nt (din cele 6500 de ha care apar\u021bin la 5,6 mii de proprietari din Moldova \u2013 \u201eI.\u201d). Dificult\u0103\u021bi care exist\u0103 \u0163in exclusiv de lacunele \u00een activitatea p\u0103r\u021bii moldovene\u0219ti cu documentele de baz\u0103. Partea transnistrean\u0103 \u00ee\u015fi respect\u0103 pe deplin angajamentele asumate \u00een decizia protocolar\u0103 respectiv\u0103\u201d, a subliniat el.<\/p>\n<p>Sursa:\u00a0<a href=\"http:\/\/www.infotag.md\/rebelion-ro\/263890\/\">http:\/\/www.infotag.md\/<\/a><\/p>\n","protected":false},"excerpt":{"rendered":"<p>\u00cen timpul apropiat, \u00een Transnistria va fi organizat\u0103 o licita\u021bie pentru a selecta \u00eentreprinderea care se va ocupa cu amenajarea \u015fi echiparea la Tiraspol \u0219i R\u00e2bni\u021ba a punctelor de \u00eenmatriculare a autoturismelor cu numere neutre. Despre aceasta a comunicat \u00een ajun ministrul de externe, Vitalii Ignatiev, la \u00eentrevederea cu pre\u0219edintele autoproclamatei RMN, Vadim Krasnoselski, c\u0103ruia&#8230;<\/p>\n","protected":false},"author":2,"featured_media":0,"comment_status":"closed","ping_status":"open","sticky":false,"template":"","format":"standard","meta":[],"categories":[1],"tags":[],"_links":{"self":[{"href":"https:\/\/centers.ulbsibiu.ro\/ccsprise\/lact\/wp-json\/wp\/v2\/posts\/4917"}],"collection":[{"href":"https:\/\/centers.ulbsibiu.ro\/ccsprise\/lact\/wp-json\/wp\/v2\/posts"}],"about":[{"href":"https:\/\/centers.ulbsibiu.ro\/ccsprise\/lact\/wp-json\/wp\/v2\/types\/post"}],"author":[{"embeddable":true,"href":"https:\/\/centers.ulbsibiu.ro\/ccsprise\/lact\/wp-json\/wp\/v2\/users\/2"}],"replies":[{"embeddable":true,"href":"https:\/\/centers.ulbsibiu.ro\/ccsprise\/lact\/wp-json\/wp\/v2\/comments?post=4917"}],"version-history":[{"count":1,"href":"https:\/\/centers.ulbsibiu.ro\/ccsprise\/lact\/wp-json\/wp\/v2\/posts\/4917\/revisions"}],"predecessor-version":[{"id":4918,"href":"https:\/\/centers.ulbsibiu.ro\/ccsprise\/lact\/wp-json\/wp\/v2\/posts\/4917\/revisions\/4918"}],"wp:attachment":[{"href":"https:\/\/centers.ulbsibiu.ro\/ccsprise\/lact\/wp-json\/wp\/v2\/media?parent=4917"}],"wp:term":[{"taxonomy":"category","embeddable":true,"href":"https:\/\/centers.ulbsibiu.ro\/ccsprise\/lact\/wp-json\/wp\/v2\/categories?post=4917"},{"taxonomy":"post_tag","embeddable":true,"href":"https:\/\/centers.ulbsibiu.ro\/ccsprise\/lact\/wp-json\/wp\/v2\/tags?post=4917"}],"curies":[{"name":"wp","href":"https:\/\/api.w.org\/{rel}","templated":true}]}}