{"id":4913,"date":"2018-06-12T18:56:13","date_gmt":"2018-06-12T16:56:13","guid":{"rendered":"https:\/\/centers.ulbsibiu.ro\/ccsprise\/lact\/?p=4913"},"modified":"2018-06-12T18:56:13","modified_gmt":"2018-06-12T16:56:13","slug":"europalibera-org-la-chisinau-proteste-la-tiraspol-mars-festiv-de-ziua-nationala-a-rusiei","status":"publish","type":"post","link":"https:\/\/centers.ulbsibiu.ro\/ccsprise\/lact\/europalibera-org-la-chisinau-proteste-la-tiraspol-mars-festiv-de-ziua-nationala-a-rusiei\/","title":{"rendered":"Europalibera.org &#8211; La Chi\u0219in\u0103u &#8211; proteste, la Tiraspol &#8211; mar\u0219 festiv: de Ziua Na\u021bional\u0103 a Rusiei"},"content":{"rendered":"<ul class=\"links__list links__list--column\">\n<li class=\"links__item\"><a class=\"links__item-link\" title=\"Alla Ceapai\" href=\"https:\/\/www.europalibera.org\/author\/91428.html\">Alla Ceapai<\/a><\/li>\n<\/ul>\n<p>\u201eLa mul\u0163i ani! Pleca\u0163i acas\u0103!\u201d, a\u0219a \u015fi-a intitulat grupul de unioni\u0219ti protestul organizat cu ocazia zilei na\u021bionale a Federa\u0163iei Ruse la ambasada acesteia. Unioni\u0219tii \u00eenso\u0163i\u0163i de c\u00e2\u0163iva combatan\u021bi \u00een conflictul armat de pe Nistru au cerut retragerea for\u0163elor militare ruse din regiunea transnistrean\u0103, scand\u00e2nd: \u201eArmata rus\u0103 afar\u0103!\u201d, \u201ePutin Vova ia-\u0163i armata din Moldova!\u201d, \u201ePutin nu uita, Basarabia nu-i a ta!\u201d<\/p>\n<p>Protestatarii au venit cu drapele ale R. Moldova, Georgiei \u015fi Ucrainei, condamn\u00e2nd agresiunile militare ale Rusiei din aceste trei state. Ei au amenajat \u015fi un cort \u00een fa\u0163a ambasadei cu afi\u015fe pe care sunt ilustrate conflictul transnistrean, anexarea de c\u0103tre Rusia a peninsulei Crimeea, o hart\u0103 a conflictelor \u00eenghe\u021bate provocate de Federa\u021bia Rus\u0103 \u015fi unul \u00een care se cere eliberarea lui Oleg Sen\u021bov, regizorul ucrainean din Crimeea care s-a opus anex\u0103rii peninsulei de c\u0103tre Rusia \u00een 2014 \u0219i a fost condamnat la 20 de ani de \u00eenchisoare.<\/p>\n<p>Unul dintre organizatorii protestului, <strong>Vlad Bile\u0163chi<\/strong>, pre\u0219edintele Asocia\u021biei \u201eOnoare, Demnitate \u015fi Patrie\u201d (ODIP) a criticat lipsa de fermitate cu care guvernan\u0163ii solicit\u0103 Rusiei s\u0103-\u015fi retrag\u0103 trupele din st\u00e2nga Nistrului:<\/p>\n<p>\u201eVrem s\u0103 avem rela\u0163ii bune cu Rusia, dar nicidecum rela\u0163ii bazate pe ocupa\u0163ie militar\u0103. Cerem ca \u00eentotdeauna retragerea armatei ruse de pe teritoriul R. Moldova. Este regretabil\u0103 absen\u0163a unei pozi\u0163ii clare din partea clasei politice de la Chi\u015fin\u0103u. Cel mai probabil, ca s\u0103 nu spun sigur, ace\u015ftia sunt \u00een c\u00e2rd\u0103\u0219ie cu for\u0163ele de ordine separatiste.\u201d<\/p>\n<p>Ambasada Federa\u0163iei Ruse nu a comentat deocamdat\u0103 protestul unioni\u015ftilor.<\/p>\n<p>Amintim \u00eens\u0103 c\u0103 anul trecut Rusia a condamnat \u015fi a blocat examinarea la Adunarea General\u0103 a ONU a unei rezolu\u0163ii prin care Guvernul R. Moldova a cerut Moscovei s\u0103 retrag\u0103 Grupul Operativ de Trupe Ruse din st\u00e2nga Nistrului. La finele lunii aprilie executivul a anun\u021bat c\u0103 va face un demers repetat.<\/p>\n<p>Nu este prima dat\u0103 c\u00e2nd Moldova cere pe diferite platforme interna\u021bionale retragerea trupelor ruse, proaspetele \u00eencerc\u0103ri \u00eens\u0103 au fost precedate de o declara\u0163ie a parlamentului care a cerut retragerea for\u0163elor militare ruse de pe teritoriul \u0163\u0103rii, dar \u015fi de o decizie a Cur\u0163ii Constitu\u0163ionale care a statuat c\u0103 \u201edislocarea pe teritoriul Republicii Moldova a oric\u0103ror trupe sau a baze militare, conduse \u0219i controlate de c\u0103tre state str\u0103ine, este neconstitu\u021bional\u0103\u201d.<\/p>\n<p>Protestul unioni\u0219tilor este singura manifestare care a avut loc azi la Chi\u0219in\u0103u cu ocazia zilei na\u021bionale a Federa\u021biei Ruse.<\/p>\n<p>La Tiraspol, \u00een schimb, ziua na\u0163ional\u0103 a Rusiei a fost marcat\u0103 cu mare fast, relateaz\u0103 presa din st\u00e2nga Nistrului. Liderul administra\u0163iei tiraspolene Vadim Krasnoselski, al\u0103turi de subalternii s\u0103i \u015fi activi\u015fti civici, a participat la un mar\u015f cu sloganul: \u201eRusia e \u00een inima mea\u201d. Krasnoselski a declarat, citat de novostimpr.com c\u0103: \u201erepublica noastr\u0103 are multe \u00een comun cu Rusia, cea care de mul\u0163i ani este un garant al p\u0103cii \u015fi stabilit\u0103\u0163ii pe malurile Nistrului\u201d.<\/p>\n<p>Dintre autorit\u0103\u0163ile statului, pre\u015fedintele Igor Dodon a fost singurul care i-a adresat un mesaj de felicitare omologului s\u0103u rus, Vladimir Putin. \u201eRusia este un important partener strategic\u201d, cu care Republica Moldova coopereaz\u0103 \u201ereu\u015fit\u201d \u00een diferite domenii. \u201e\u00cen pofida dorin\u021bei unor politicieni, rela\u0163iile bilaterale se vor men\u0163ine stabile \u015fi chiar se vor intensifica\u201d, mai spune Dodon \u00een mesajul s\u0103u.<\/p>\n<p>Sursa:\u00a0<a href=\"https:\/\/www.europalibera.org\/a\/activi\u0219ti-unioni\u0219ti-au-protestat-la-chi\u0219in\u0103u-de-ziua-na\u021bional\u0103-a-rusiei\/29286830.html\">https:\/\/www.europalibera.org<\/a><\/p>\n","protected":false},"excerpt":{"rendered":"<p>Alla Ceapai \u201eLa mul\u0163i ani! Pleca\u0163i acas\u0103!\u201d, a\u0219a \u015fi-a intitulat grupul de unioni\u0219ti protestul organizat cu ocazia zilei na\u021bionale a Federa\u0163iei Ruse la ambasada acesteia. Unioni\u0219tii \u00eenso\u0163i\u0163i de c\u00e2\u0163iva combatan\u021bi \u00een conflictul armat de pe Nistru au cerut retragerea for\u0163elor militare ruse din regiunea transnistrean\u0103, scand\u00e2nd: \u201eArmata rus\u0103 afar\u0103!\u201d, \u201ePutin Vova ia-\u0163i armata din Moldova!\u201d,&#8230;<\/p>\n","protected":false},"author":2,"featured_media":0,"comment_status":"closed","ping_status":"open","sticky":false,"template":"","format":"standard","meta":[],"categories":[1],"tags":[],"_links":{"self":[{"href":"https:\/\/centers.ulbsibiu.ro\/ccsprise\/lact\/wp-json\/wp\/v2\/posts\/4913"}],"collection":[{"href":"https:\/\/centers.ulbsibiu.ro\/ccsprise\/lact\/wp-json\/wp\/v2\/posts"}],"about":[{"href":"https:\/\/centers.ulbsibiu.ro\/ccsprise\/lact\/wp-json\/wp\/v2\/types\/post"}],"author":[{"embeddable":true,"href":"https:\/\/centers.ulbsibiu.ro\/ccsprise\/lact\/wp-json\/wp\/v2\/users\/2"}],"replies":[{"embeddable":true,"href":"https:\/\/centers.ulbsibiu.ro\/ccsprise\/lact\/wp-json\/wp\/v2\/comments?post=4913"}],"version-history":[{"count":1,"href":"https:\/\/centers.ulbsibiu.ro\/ccsprise\/lact\/wp-json\/wp\/v2\/posts\/4913\/revisions"}],"predecessor-version":[{"id":4914,"href":"https:\/\/centers.ulbsibiu.ro\/ccsprise\/lact\/wp-json\/wp\/v2\/posts\/4913\/revisions\/4914"}],"wp:attachment":[{"href":"https:\/\/centers.ulbsibiu.ro\/ccsprise\/lact\/wp-json\/wp\/v2\/media?parent=4913"}],"wp:term":[{"taxonomy":"category","embeddable":true,"href":"https:\/\/centers.ulbsibiu.ro\/ccsprise\/lact\/wp-json\/wp\/v2\/categories?post=4913"},{"taxonomy":"post_tag","embeddable":true,"href":"https:\/\/centers.ulbsibiu.ro\/ccsprise\/lact\/wp-json\/wp\/v2\/tags?post=4913"}],"curies":[{"name":"wp","href":"https:\/\/api.w.org\/{rel}","templated":true}]}}