{"id":4911,"date":"2018-06-12T18:52:56","date_gmt":"2018-06-12T16:52:56","guid":{"rendered":"https:\/\/centers.ulbsibiu.ro\/ccsprise\/lact\/?p=4911"},"modified":"2018-06-12T18:52:56","modified_gmt":"2018-06-12T16:52:56","slug":"infotag-md-trupele-rusesti-din-transnistria-sunt-o-amenintare-si-pentru-ucraina-si-pentru-moldova-ministerul-apararii-ucrainei","status":"publish","type":"post","link":"https:\/\/centers.ulbsibiu.ro\/ccsprise\/lact\/infotag-md-trupele-rusesti-din-transnistria-sunt-o-amenintare-si-pentru-ucraina-si-pentru-moldova-ministerul-apararii-ucrainei\/","title":{"rendered":"Infotag.md &#8211; TRUPELE RUSE\u015eTI DIN TRANSNISTRIA SUNT O AMENIN\u0162ARE \u015eI PENTRU UCRAINA, \u015eI PENTRU MOLDOVA \u2013 MINISTERUL AP\u0102R\u0102RII UCRAINEI"},"content":{"rendered":"<p>Trupele ruse\u015fti care se afl\u0103 pe teritoriul Transnistriei \u015fi, \u00een general, \u00een spa\u0163iul sud-vestic, sunt o amenin\u0163are \u015fi pentru Ucraina, \u015fi pentru Moldova. O declara\u0163ie \u00een acest sens a f\u0103cut ministrul Ap\u0103r\u0103rii Ucrainei, Stepan Poltorak, la \u00eentrevederea de luni, la Odessa, cu omologul s\u0103u moldovean, Eugen Sturza.<\/p>\n<p>Potrivit agen\u0163iei INFOTAG cu referire la site-ul Ministerului Ap\u0103r\u0103rii al \u0163\u0103rii vecine, el a men\u0163ionat c\u0103 \u201eFedera\u021bia Rus\u0103 \u00ee\u0219i continu\u0103 agresiunea hibrid\u0103 \u00een Donbas, spore\u0219te poten\u021bialul militar de atac \u00een Crimeea, destabilizeaz\u0103 regiunea M\u0103rii Negre-Azov, iar o situa\u021bie dificil\u0103 este \u015fi \u00een Transnistria\u201d.<\/p>\n<p>\u201eUcraina are la o pozi\u021bie clar\u0103, care se bazeaz\u0103 pe principiile respect\u0103rii integrit\u0103\u021bii teritoriale \u0219i suveranit\u0103\u021bii Republicii Moldova. Transnistria este o parte integrant\u0103 a Republicii Moldova. Vom face tot posibilul pentru a ajuta la restabilirea integrit\u0103\u021bii teritoriale a Moldovei \u0219i la men\u0163inerea acesteia \u00een viitor. Sus\u021binem cursul militar-politic comun de integrarea european\u0103 \u0219i euroatlantic\u0103 \u0219i vom dezvolta \u00eempreun\u0103 for\u021bele noastre armate \u00een conformitate cu standardele NATO. O astfel de abordare a prieteniei, a \u00een\u021belegerii \u0219i a sprijinului reciproc va fi \u00eentotdeauna \u00een centrul rela\u021biilor dintre Ucraina \u0219i Republica Moldova \u00een domeniul ap\u0103r\u0103rii\u201d, a spus Poltorak.<\/p>\n<p>Mini\u0219trii ap\u0103r\u0103rii au convenit asupra priorit\u0103\u021bilor pentru continuarea cooper\u0103rii \u00een domeniul ap\u0103r\u0103rii. \u00cen primul r\u00e2nd, este vorba de desf\u0103\u015furarea exerci\u021biilor comune, at\u00e2t la nivel bilateral, c\u00e2t \u015fi \u00een cadrul cooper\u0103rii cu NATO \u0219i cu alia\u021bi \u00een parte, de dezvoltarea cooper\u0103rii la nivelul staff-ului for\u021belor armate ale celor dou\u0103 \u021b\u0103ri, de interac\u0163iune \u00een domeniul cooper\u0103rii tehnico-militare \u0219i de \u00eembun\u0103t\u0103\u021birea dinamicii parteneriatului \u00eentre academiile militare.<\/p>\n<p>P\u0103r\u021bile au discutat, de asemenea, aspecte legate de schimbul de experien\u021b\u0103 \u00een combaterea unei \u00eentregi game de amenin\u021b\u0103ri hibride \u0219i de cooperarea ulterioar\u0103 \u00een reforma for\u021belor armate ale celor dou\u0103 \u021b\u0103ri.<\/p>\n<p>\u201eCred c\u0103 \u00eent\u00e2lnirea de ast\u0103zi are o mare importan\u021b\u0103 pentru securitatea \u0219i ap\u0103rarea regional\u0103. La urma urmei, Ucraina \u0219i Republica Moldova se confrunt\u0103 cu provoc\u0103ri \u0219i amenin\u021b\u0103ri comune\u201d, a spus Poltorak.<\/p>\n<p>Eugen Sturza a spus c\u0103 Moldova \u00een\u021belege foarte bine cu ce a fost nevoit\u0103 s\u0103 se confrunte Ucraina \u0219i pledeaz\u0103 pentru dep\u0103\u015firea c\u00e2t mai cur\u00e2nd a crizei, pentru men\u0163inerea suveranit\u0103\u0163ii \u0219i integrit\u0103\u0163ii sale teritoriale.<\/p>\n<p>\u201ePute\u021bi oric\u00e2nd miza pe sprijinul nostru, la fel cum Moldova \u0219tie \u00eentotdeauna c\u0103 se poate baza pe Ucraina\u201d, a spus el.<br \/>\nPotrivit comunicatului, Sturza a acceptat invita\u021bia de a participa la marcarea a 27 de ani de independen\u021b\u0103 a Ucrainei \u0219i la parada militar\u0103, care va avea loc pe 24 august la Kresciatik.<\/p>\n<p>Sursa:\u00a0<a href=\"http:\/\/www.infotag.md\/rebelion-ro\/263856\/\">http:\/\/www.infotag.md\/<\/a><\/p>\n","protected":false},"excerpt":{"rendered":"<p>Trupele ruse\u015fti care se afl\u0103 pe teritoriul Transnistriei \u015fi, \u00een general, \u00een spa\u0163iul sud-vestic, sunt o amenin\u0163are \u015fi pentru Ucraina, \u015fi pentru Moldova. O declara\u0163ie \u00een acest sens a f\u0103cut ministrul Ap\u0103r\u0103rii Ucrainei, Stepan Poltorak, la \u00eentrevederea de luni, la Odessa, cu omologul s\u0103u moldovean, Eugen Sturza. Potrivit agen\u0163iei INFOTAG cu referire la site-ul Ministerului&#8230;<\/p>\n","protected":false},"author":2,"featured_media":0,"comment_status":"closed","ping_status":"open","sticky":false,"template":"","format":"standard","meta":[],"categories":[1],"tags":[],"_links":{"self":[{"href":"https:\/\/centers.ulbsibiu.ro\/ccsprise\/lact\/wp-json\/wp\/v2\/posts\/4911"}],"collection":[{"href":"https:\/\/centers.ulbsibiu.ro\/ccsprise\/lact\/wp-json\/wp\/v2\/posts"}],"about":[{"href":"https:\/\/centers.ulbsibiu.ro\/ccsprise\/lact\/wp-json\/wp\/v2\/types\/post"}],"author":[{"embeddable":true,"href":"https:\/\/centers.ulbsibiu.ro\/ccsprise\/lact\/wp-json\/wp\/v2\/users\/2"}],"replies":[{"embeddable":true,"href":"https:\/\/centers.ulbsibiu.ro\/ccsprise\/lact\/wp-json\/wp\/v2\/comments?post=4911"}],"version-history":[{"count":1,"href":"https:\/\/centers.ulbsibiu.ro\/ccsprise\/lact\/wp-json\/wp\/v2\/posts\/4911\/revisions"}],"predecessor-version":[{"id":4912,"href":"https:\/\/centers.ulbsibiu.ro\/ccsprise\/lact\/wp-json\/wp\/v2\/posts\/4911\/revisions\/4912"}],"wp:attachment":[{"href":"https:\/\/centers.ulbsibiu.ro\/ccsprise\/lact\/wp-json\/wp\/v2\/media?parent=4911"}],"wp:term":[{"taxonomy":"category","embeddable":true,"href":"https:\/\/centers.ulbsibiu.ro\/ccsprise\/lact\/wp-json\/wp\/v2\/categories?post=4911"},{"taxonomy":"post_tag","embeddable":true,"href":"https:\/\/centers.ulbsibiu.ro\/ccsprise\/lact\/wp-json\/wp\/v2\/tags?post=4911"}],"curies":[{"name":"wp","href":"https:\/\/api.w.org\/{rel}","templated":true}]}}