{"id":4908,"date":"2018-06-12T18:47:25","date_gmt":"2018-06-12T16:47:25","guid":{"rendered":"https:\/\/centers.ulbsibiu.ro\/ccsprise\/lact\/?p=4908"},"modified":"2018-06-12T18:47:25","modified_gmt":"2018-06-12T16:47:25","slug":"gov-md-intrevederea-viceprim-ministrului-cristina-lesnic-cu-seful-misiunii-osce-in-republica-moldova-michael-scanlan-6","status":"publish","type":"post","link":"https:\/\/centers.ulbsibiu.ro\/ccsprise\/lact\/gov-md-intrevederea-viceprim-ministrului-cristina-lesnic-cu-seful-misiunii-osce-in-republica-moldova-michael-scanlan-6\/","title":{"rendered":"Gov.md &#8211; \u00centrevederea Viceprim-ministrului Cristina Lesnic cu \u0219eful Misiunii OSCE \u00een Republica Moldova Michael Scanlan"},"content":{"rendered":"<p>Ast\u0103zi, 11 iunie curent Vicepremierul Cristina Lesnic a avut o \u00eentrevedere cu \u0219eful Misiunii OSCE \u00een Republica Moldova Michael Scanlan.<\/p>\n<p>Oficialii au abordat rezultatele recente din cadrul formatului de negocieri \u201e5+2\u201d. Totodat\u0103, a fost punctat\u0103 situa\u021bia din cadrul grupurilor de lucru sectoriale \u0219i \u00een special a fost stabilit\u0103 necesitatea de a accelera dinamica \u00een cadrul unor grupuri de lucru (de ex.: pentru ocrotirea s\u0103n\u0103t\u0103\u021bii, economie, telecomunica\u021bii).<\/p>\n<p>Cei doi s-au referit \u0219i la evolu\u021biile marcate \u00een implementarea prevederilor deciziilor protocolare din 25 noiembrie 2017 referitoare la asigurarea func\u021bion\u0103rii \u0219colilor moldovene\u0219ti cu predare \u00een grafie latin\u0103, la restabilirea accesului la terenurile agricole din raionul Dub\u0103sari, amplasate dup\u0103 traseul Tiraspol-Camenca, la deschiderea podului de peste r.Nistru din preajma localit\u0103\u021bilor Gura B\u00e2cului \u0219i B\u00e2cioc, fiind reiterat\u0103 necesitatea realiz\u0103rii plenare a tuturor angajamentelor asumate.<\/p>\n<p>De asemenea, a fost abordat\u0103 \u0219i importan\u021ba demar\u0103rii lucr\u0103rilor grupului pentru drepturile omului pentru a stabili priorit\u0103\u021bile \u0219i a ini\u021bia monitorizarea situa\u021biei pe aceast\u0103 dimensiune.<\/p>\n<p>Sursa:\u00a0<a href=\"https:\/\/gov.md\/ro\/content\/intrevederea-viceprim-ministrului-cristina-lesnic-cu-seful-misiunii-osce-republica-moldova-4\">https:\/\/gov.md\/<\/a><\/p>\n","protected":false},"excerpt":{"rendered":"<p>Ast\u0103zi, 11 iunie curent Vicepremierul Cristina Lesnic a avut o \u00eentrevedere cu \u0219eful Misiunii OSCE \u00een Republica Moldova Michael Scanlan. Oficialii au abordat rezultatele recente din cadrul formatului de negocieri \u201e5+2\u201d. Totodat\u0103, a fost punctat\u0103 situa\u021bia din cadrul grupurilor de lucru sectoriale \u0219i \u00een special a fost stabilit\u0103 necesitatea de a accelera dinamica \u00een cadrul&#8230;<\/p>\n","protected":false},"author":2,"featured_media":0,"comment_status":"closed","ping_status":"open","sticky":false,"template":"","format":"standard","meta":[],"categories":[1],"tags":[],"_links":{"self":[{"href":"https:\/\/centers.ulbsibiu.ro\/ccsprise\/lact\/wp-json\/wp\/v2\/posts\/4908"}],"collection":[{"href":"https:\/\/centers.ulbsibiu.ro\/ccsprise\/lact\/wp-json\/wp\/v2\/posts"}],"about":[{"href":"https:\/\/centers.ulbsibiu.ro\/ccsprise\/lact\/wp-json\/wp\/v2\/types\/post"}],"author":[{"embeddable":true,"href":"https:\/\/centers.ulbsibiu.ro\/ccsprise\/lact\/wp-json\/wp\/v2\/users\/2"}],"replies":[{"embeddable":true,"href":"https:\/\/centers.ulbsibiu.ro\/ccsprise\/lact\/wp-json\/wp\/v2\/comments?post=4908"}],"version-history":[{"count":1,"href":"https:\/\/centers.ulbsibiu.ro\/ccsprise\/lact\/wp-json\/wp\/v2\/posts\/4908\/revisions"}],"predecessor-version":[{"id":4909,"href":"https:\/\/centers.ulbsibiu.ro\/ccsprise\/lact\/wp-json\/wp\/v2\/posts\/4908\/revisions\/4909"}],"wp:attachment":[{"href":"https:\/\/centers.ulbsibiu.ro\/ccsprise\/lact\/wp-json\/wp\/v2\/media?parent=4908"}],"wp:term":[{"taxonomy":"category","embeddable":true,"href":"https:\/\/centers.ulbsibiu.ro\/ccsprise\/lact\/wp-json\/wp\/v2\/categories?post=4908"},{"taxonomy":"post_tag","embeddable":true,"href":"https:\/\/centers.ulbsibiu.ro\/ccsprise\/lact\/wp-json\/wp\/v2\/tags?post=4908"}],"curies":[{"name":"wp","href":"https:\/\/api.w.org\/{rel}","templated":true}]}}