{"id":4906,"date":"2018-06-12T18:45:19","date_gmt":"2018-06-12T16:45:19","guid":{"rendered":"https:\/\/centers.ulbsibiu.ro\/ccsprise\/lact\/?p=4906"},"modified":"2018-06-12T18:50:33","modified_gmt":"2018-06-12T16:50:33","slug":"adevarul-ro-socialistii-ingrijorati-de-retinerea-unui-deputat-din-transnistria-el-este-un-oponent-convins-al-unionismului-si-aderarii-la-nato","status":"publish","type":"post","link":"https:\/\/centers.ulbsibiu.ro\/ccsprise\/lact\/adevarul-ro-socialistii-ingrijorati-de-retinerea-unui-deputat-din-transnistria-el-este-un-oponent-convins-al-unionismului-si-aderarii-la-nato\/","title":{"rendered":"Adevarul.ro &#8211; Sociali\u015ftii, \u00eengrijora\u0163i de re\u0163inerea unui \u201edeputat\u201d din Transnistria: El este un oponent convins al unionismului \u015fi ader\u0103rii la NATO"},"content":{"rendered":"<p>de Iurii Botnarenco<\/p>\n<p>&nbsp;<\/p>\n<p>Partidul Sociali\u015ftilor \u00ee\u015fi exprim\u0103 \u00eengrijorarea \u00een leg\u0103tur\u0103 cu re\u0163inerea unor persoane politice \u015fi activi\u015fti civici din regiunea transnistrean\u0103. Este vorba despre Oleg Horjan, deputat \u00een organul legislativ al autoproclamatei republici, \u015fi c\u00e2\u0163iva dintre prietenii s\u0103i.<\/p>\n<p>\u00centr-o adresare public\u0103 c\u0103tre administra\u0163ia transnistrean\u0103, PSRM men\u0163ioneaz\u0103 c\u0103 Oleg Horjan este cunoscut ca un adev\u0103rat patriot, manifest\u0103 respect fa\u0163\u0103 de trecutul istoric, este adept al identit\u0103\u0163ii moldovene\u015fti, integr\u0103rii eurasiatice \u015fi rela\u0163iilor de prietenie cu Federa\u0163ia Rus\u0103. Totodat\u0103, este \u015fi un oponent convins al unionismului \u015fi ader\u0103rii la NATO.<\/p>\n<p>\u201ePartidul Sociali\u015ftilor condamn\u0103 cu vehemen\u0163\u0103 manifest\u0103rile de violen\u0163\u0103 sub orice form\u0103, \u00een special fa\u0163\u0103 de colaboratorii organelor de drept. Suntem convin\u015fi c\u0103 fiecare persoan\u0103 trebuie s\u0103 aib\u0103 dreptul de a-\u015fi exprima liber pozi\u0163ia politic\u0103 \u015fi de a organiza proteste pa\u015fnice\u201d, se spune \u00een adresare. Forma\u0163iunea face apel de schimbare a m\u0103surii preventive \u015fi de eliberare a persoanelor re\u0163inute.<\/p>\n<p>Oleg Horjan, la 6 iunie, a fost lipsit de imunitate \u015fi re\u0163inut \u00een izolatorul de deten\u0163ie preventiv\u0103 din Tiraspol. El este \u00eenvinuit de organizarea, pe 2 iunie, a unui miting neautorizat \u201e\u00eempotriva guvern\u0103rii\u201d (regimului separatist de la Tiraspol, n.r.). Dup\u0103 protest, \u015fapte persoane, printre care \u015fi fiul deputatului, au fost re\u0163inute. Ace\u015ftia au primit \u00eentre 5 \u015fi 15 zile de arest pentru organizarea neautorizat\u0103 a mitingului. Pe 5 iunie, p\u00e2n\u0103 la arest, \u00eentr-o conferin\u0163\u0103 de pres\u0103 la Chi\u015fin\u0103u, Oleg Horjan declara c\u0103 autorit\u0103\u0163ile din Transnistria s-au lansat \u00een \u201ecur\u0103\u0163area\u201d terenului politic, \u00eenc\u0103lc\u00e2nd dreptul cet\u0103\u0163enilor la libera exprimare.<\/p>\n<p>Citeste mai mult: <a title=\"Sociali\u015ftii, \u00eengrijora\u0163i de re\u0163inerea unui \u201edeputat\u201d din Transnistria: El este un oponent convins al unionismului \u015fi ader\u0103rii la NATO | adevarul.ro\" href=\"http:\/\/adev.ro\/pa7ce2\" target=\"_blank\" rel=\"noopener\">adev.ro\/pa7ce2<\/a><\/p>\n","protected":false},"excerpt":{"rendered":"<p>de Iurii Botnarenco &nbsp; Partidul Sociali\u015ftilor \u00ee\u015fi exprim\u0103 \u00eengrijorarea \u00een leg\u0103tur\u0103 cu re\u0163inerea unor persoane politice \u015fi activi\u015fti civici din regiunea transnistrean\u0103. Este vorba despre Oleg Horjan, deputat \u00een organul legislativ al autoproclamatei republici, \u015fi c\u00e2\u0163iva dintre prietenii s\u0103i. \u00centr-o adresare public\u0103 c\u0103tre administra\u0163ia transnistrean\u0103, PSRM men\u0163ioneaz\u0103 c\u0103 Oleg Horjan este cunoscut ca un adev\u0103rat&#8230;<\/p>\n","protected":false},"author":2,"featured_media":0,"comment_status":"closed","ping_status":"open","sticky":false,"template":"","format":"standard","meta":[],"categories":[1],"tags":[],"_links":{"self":[{"href":"https:\/\/centers.ulbsibiu.ro\/ccsprise\/lact\/wp-json\/wp\/v2\/posts\/4906"}],"collection":[{"href":"https:\/\/centers.ulbsibiu.ro\/ccsprise\/lact\/wp-json\/wp\/v2\/posts"}],"about":[{"href":"https:\/\/centers.ulbsibiu.ro\/ccsprise\/lact\/wp-json\/wp\/v2\/types\/post"}],"author":[{"embeddable":true,"href":"https:\/\/centers.ulbsibiu.ro\/ccsprise\/lact\/wp-json\/wp\/v2\/users\/2"}],"replies":[{"embeddable":true,"href":"https:\/\/centers.ulbsibiu.ro\/ccsprise\/lact\/wp-json\/wp\/v2\/comments?post=4906"}],"version-history":[{"count":2,"href":"https:\/\/centers.ulbsibiu.ro\/ccsprise\/lact\/wp-json\/wp\/v2\/posts\/4906\/revisions"}],"predecessor-version":[{"id":4910,"href":"https:\/\/centers.ulbsibiu.ro\/ccsprise\/lact\/wp-json\/wp\/v2\/posts\/4906\/revisions\/4910"}],"wp:attachment":[{"href":"https:\/\/centers.ulbsibiu.ro\/ccsprise\/lact\/wp-json\/wp\/v2\/media?parent=4906"}],"wp:term":[{"taxonomy":"category","embeddable":true,"href":"https:\/\/centers.ulbsibiu.ro\/ccsprise\/lact\/wp-json\/wp\/v2\/categories?post=4906"},{"taxonomy":"post_tag","embeddable":true,"href":"https:\/\/centers.ulbsibiu.ro\/ccsprise\/lact\/wp-json\/wp\/v2\/tags?post=4906"}],"curies":[{"name":"wp","href":"https:\/\/api.w.org\/{rel}","templated":true}]}}