{"id":4904,"date":"2018-06-11T17:12:33","date_gmt":"2018-06-11T15:12:33","guid":{"rendered":"https:\/\/centers.ulbsibiu.ro\/ccsprise\/lact\/?p=4904"},"modified":"2018-06-11T17:12:33","modified_gmt":"2018-06-11T15:12:33","slug":"infotag-md-deputatul-comunist-din-transnistria-oleg-horjan-a-fost-plasat-in-arest-pentru-doua-luni-pentru-opunere-de-rezistenta-fata-de-autoritati","status":"publish","type":"post","link":"https:\/\/centers.ulbsibiu.ro\/ccsprise\/lact\/infotag-md-deputatul-comunist-din-transnistria-oleg-horjan-a-fost-plasat-in-arest-pentru-doua-luni-pentru-opunere-de-rezistenta-fata-de-autoritati\/","title":{"rendered":"Infotag.md &#8211; DEPUTATUL COMUNIST DIN TRANSNISTRIA, OLEG HORJAN, A FOST PLASAT \u00ceN AREST PENTRU DOU\u0102 LUNI PENTRU \u201eOPUNERE DE REZISTEN\u0162\u0102 FA\u0162\u0102 DE AUTORIT\u0102\u0162I\u201d"},"content":{"rendered":"<p>Liderul Partidului Comunist din Transnistria, deputatul Sovietului Suprem al autoproclamatei RMN, Oleg Horjan, care a fost lipsit de imunitate parlamentar\u0103 de c\u0103tre colegi, \u00ee\u015fi va petrece urm\u0103toarele dou\u0103 luni \u00een izolatorul de deten\u0163ie preventiv\u0103 din Tiraspol.<\/p>\n<p>Potrivit agen\u0163iei INFOTAG cu referire la un post tv local, aceast\u0103 m\u0103sur\u0103 de pedeaps\u0103 i-a fost stabilit\u0103 de instan\u0163a de judecat\u0103 la solicitarea procuraturii, care consider\u0103 c\u0103 deputatul a opus rezisten\u0163\u0103 fa\u0163\u0103 de reprezentan\u0163ii autorit\u0103\u0163ilor.<\/p>\n<p>\u201eAncheta investigheaz\u0103 incidentul din 5 iunie. Potrivit camerelor de supraveghere, \u00een ac\u021biunile lui Horjan se constat\u0103 semnele componentei infrac\u021biunii \u201eopunere de rezisten\u021b\u0103 fa\u0163\u0103 de reprezentantul autorit\u0103\u0163ilor cu violen\u021b\u0103, f\u0103r\u0103 pericol pentru s\u0103n\u0103tate\u201d, a declarat pre\u0219edintele Comitetului de anchet\u0103, Veaceslav B\u00eenzari.<\/p>\n<p>El a criticat declara\u021biile Partidului Comuni\u0219tilor din Republica Moldova \u00een ap\u0103rarea lui Horjan, care consider\u0103 c\u0103 re\u021binerea colegului politic transnistrean este o r\u0103fuial\u0103 politic\u0103 a autorit\u0103\u0163ilor de la Tiraspol cu opozi\u021bia.<\/p>\n<p>\u201e\u00cencerc\u0103rile de a da o nuan\u0163\u0103 politic\u0103 infrac\u0163iunii reprezint\u0103 o modalitate de a evita pedepsirea. Aceast\u0103 dorin\u021b\u0103 de a conferi calitatea de victim\u0103 persoanei re\u0163inute nu va afecta \u00een niciun fel obiectivitatea investiga\u021biei\u201d, a subliniat B\u00eenzari.<\/p>\n<p>Dup\u0103 cum a informat anterior INFOTAG, s\u00e2mb\u0103t\u0103, 2 iunie, Horjan a desf\u0103\u015furat un miting neautorizat \u00een centrul Tiraspolului. Dup\u0103 miting, milil\u0163ia a re\u0163inut c\u00e2\u0163iva activi\u015fti. Ulterior, deputatul a mers la sec\u021bia de mili\u0163ie, l-a \u00eempins pe unul dintre angaja\u021bi, ar altuia i-a rupt epole\u0163ii, cer\u00e2nd eliberarea persoanelor re\u0163inute. Procuratura consider\u0103 c\u0103 ac\u0163iunile sale sunt ilegale \u0219i a cerut Sovietului Suprem s\u0103-i retrag\u0103 lui Horjan imunitatea parlamentar\u0103 pentru a-l trage la r\u0103spundere, lucru care s-a \u00eent\u00e2mplat pe 6 iunie.<\/p>\n<p>Sursa:\u00a0<a href=\"http:\/\/www.infotag.md\/rebelion-ro\/263837\/\">http:\/\/www.infotag.md\/<\/a><\/p>\n","protected":false},"excerpt":{"rendered":"<p>Liderul Partidului Comunist din Transnistria, deputatul Sovietului Suprem al autoproclamatei RMN, Oleg Horjan, care a fost lipsit de imunitate parlamentar\u0103 de c\u0103tre colegi, \u00ee\u015fi va petrece urm\u0103toarele dou\u0103 luni \u00een izolatorul de deten\u0163ie preventiv\u0103 din Tiraspol. Potrivit agen\u0163iei INFOTAG cu referire la un post tv local, aceast\u0103 m\u0103sur\u0103 de pedeaps\u0103 i-a fost stabilit\u0103 de instan\u0163a&#8230;<\/p>\n","protected":false},"author":2,"featured_media":0,"comment_status":"closed","ping_status":"open","sticky":false,"template":"","format":"standard","meta":[],"categories":[1],"tags":[],"_links":{"self":[{"href":"https:\/\/centers.ulbsibiu.ro\/ccsprise\/lact\/wp-json\/wp\/v2\/posts\/4904"}],"collection":[{"href":"https:\/\/centers.ulbsibiu.ro\/ccsprise\/lact\/wp-json\/wp\/v2\/posts"}],"about":[{"href":"https:\/\/centers.ulbsibiu.ro\/ccsprise\/lact\/wp-json\/wp\/v2\/types\/post"}],"author":[{"embeddable":true,"href":"https:\/\/centers.ulbsibiu.ro\/ccsprise\/lact\/wp-json\/wp\/v2\/users\/2"}],"replies":[{"embeddable":true,"href":"https:\/\/centers.ulbsibiu.ro\/ccsprise\/lact\/wp-json\/wp\/v2\/comments?post=4904"}],"version-history":[{"count":1,"href":"https:\/\/centers.ulbsibiu.ro\/ccsprise\/lact\/wp-json\/wp\/v2\/posts\/4904\/revisions"}],"predecessor-version":[{"id":4905,"href":"https:\/\/centers.ulbsibiu.ro\/ccsprise\/lact\/wp-json\/wp\/v2\/posts\/4904\/revisions\/4905"}],"wp:attachment":[{"href":"https:\/\/centers.ulbsibiu.ro\/ccsprise\/lact\/wp-json\/wp\/v2\/media?parent=4904"}],"wp:term":[{"taxonomy":"category","embeddable":true,"href":"https:\/\/centers.ulbsibiu.ro\/ccsprise\/lact\/wp-json\/wp\/v2\/categories?post=4904"},{"taxonomy":"post_tag","embeddable":true,"href":"https:\/\/centers.ulbsibiu.ro\/ccsprise\/lact\/wp-json\/wp\/v2\/tags?post=4904"}],"curies":[{"name":"wp","href":"https:\/\/api.w.org\/{rel}","templated":true}]}}